{"id":10002,"date":"2022-05-19T18:48:02","date_gmt":"2022-05-19T21:48:02","guid":{"rendered":"http:\/\/informebahia.com\/site\/?p=10002"},"modified":"2022-05-19T18:48:04","modified_gmt":"2022-05-19T21:48:04","slug":"disponivel-apos-lesao-warley-deve-ser-relacionado-pela-1a-vez-no-bahia","status":"publish","type":"post","link":"https:\/\/informebahia.com\/site\/2022\/05\/19\/disponivel-apos-lesao-warley-deve-ser-relacionado-pela-1a-vez-no-bahia\/","title":{"rendered":"Dispon\u00edvel ap\u00f3s les\u00e3o, Warley deve ser relacionado pela 1\u00aa vez no Bahia"},"content":{"rendered":"\n<div class=\"wp-block-image\"><figure class=\"aligncenter size-full\"><img loading=\"lazy\" decoding=\"async\" width=\"380\" height=\"280\" src=\"https:\/\/informebahia.com\/site\/wp-content\/uploads\/2022\/05\/IMAGEM_BAHIA_5-4.jpg\" alt=\"\" class=\"wp-image-10003\" srcset=\"https:\/\/informebahia.com\/site\/wp-content\/uploads\/2022\/05\/IMAGEM_BAHIA_5-4.jpg 380w, https:\/\/informebahia.com\/site\/wp-content\/uploads\/2022\/05\/IMAGEM_BAHIA_5-4-300x221.jpg 300w, https:\/\/informebahia.com\/site\/wp-content\/uploads\/2022\/05\/IMAGEM_BAHIA_5-4-80x60.jpg 80w\" sizes=\"auto, (max-width: 380px) 100vw, 380px\" \/><figcaption>Foto: Felipe Oliveira\/ Divulga\u00e7\u00e3o \/EC Bahia<\/figcaption><\/figure><\/div>\n\n\n\n<p>Um dos \u00faltimos contratados pelo Bahia na primeira janela da temporada 2021, o meia Warley deve ser relacionado pelo t\u00e9cnico Guto Ferreira para o jogo contra a Ponte Preta nesta sexta-feira (20), \u00e0s 21h30, na Arena Fonte Nova, pela oitava rodada da S\u00e9rie B. Essa ser\u00e1 a primeira vez do atleta na lista tricolor.<\/p>\n\n\n\n<p>Apresentado no final de abril pelo Bahia, o atleta de 22 anos de idade vinha se recuperando de uma les\u00e3o. Nas \u00faltimas duas semanas, ele j\u00e1 vinha participando normalmente dos treinos com a equipe tricolor.&nbsp;<\/p>\n\n\n\n<p>&#8220;Sou meia-atacante, gosto de jogar pr\u00f3ximo dos atacantes de beirada, centroavantes&#8230; Tenho facilidade na bola parada e gosto de jogar pr\u00f3ximo do gol para tentar finaliza\u00e7\u00f5es de fora da \u00e1rea&#8221;, explicou o jogador no \u00faltimo dia 27.<\/p>\n\n\n\n<p>Sem Daniel, suspenso pelo terceiro cart\u00e3o amarelo, Warley surge como op\u00e7\u00e3o de substitui\u00e7\u00e3o no meio de campo. Na briga para se manter no G-4, o Esquadr\u00e3o de A\u00e7o tem 13 pontos e est\u00e1 no terceiro lugar da competi\u00e7\u00e3o.<\/p>\n\n\n\n<p class=\"has-text-align-right\">*Bahia Noticias<\/p>\n","protected":false},"excerpt":{"rendered":"<p>Um dos \u00faltimos contratados pelo Bahia na primeira janela da temporada 2021, o meia Warley deve ser relacionado pelo t\u00e9cnico Guto Ferreira para o jogo contra a Ponte Preta nesta sexta-feira (20), \u00e0s 21h30, na Arena Fonte Nova, pela oitava rodada da S\u00e9rie B. Essa ser\u00e1 a primeira vez do atleta na lista tricolor. Apresentado [&hellip;]<\/p>\n","protected":false},"author":2,"featured_media":10003,"comment_status":"closed","ping_status":"open","sticky":false,"template":"","format":"standard","meta":{"footnotes":""},"categories":[20],"tags":[],"class_list":["post-10002","post","type-post","status-publish","format-standard","has-post-thumbnail","hentry","category-esporte"],"aioseo_notices":[],"_links":{"self":[{"href":"https:\/\/informebahia.com\/site\/wp-json\/wp\/v2\/posts\/10002","targetHints":{"allow":["GET"]}}],"collection":[{"href":"https:\/\/informebahia.com\/site\/wp-json\/wp\/v2\/posts"}],"about":[{"href":"https:\/\/informebahia.com\/site\/wp-json\/wp\/v2\/types\/post"}],"author":[{"embeddable":true,"href":"https:\/\/informebahia.com\/site\/wp-json\/wp\/v2\/users\/2"}],"replies":[{"embeddable":true,"href":"https:\/\/informebahia.com\/site\/wp-json\/wp\/v2\/comments?post=10002"}],"version-history":[{"count":1,"href":"https:\/\/informebahia.com\/site\/wp-json\/wp\/v2\/posts\/10002\/revisions"}],"predecessor-version":[{"id":10004,"href":"https:\/\/informebahia.com\/site\/wp-json\/wp\/v2\/posts\/10002\/revisions\/10004"}],"wp:featuredmedia":[{"embeddable":true,"href":"https:\/\/informebahia.com\/site\/wp-json\/wp\/v2\/media\/10003"}],"wp:attachment":[{"href":"https:\/\/informebahia.com\/site\/wp-json\/wp\/v2\/media?parent=10002"}],"wp:term":[{"taxonomy":"category","embeddable":true,"href":"https:\/\/informebahia.com\/site\/wp-json\/wp\/v2\/categories?post=10002"},{"taxonomy":"post_tag","embeddable":true,"href":"https:\/\/informebahia.com\/site\/wp-json\/wp\/v2\/tags?post=10002"}],"curies":[{"name":"wp","href":"https:\/\/api.w.org\/{rel}","templated":true}]}}