{"id":10071,"date":"2022-05-21T11:01:51","date_gmt":"2022-05-21T14:01:51","guid":{"rendered":"http:\/\/informebahia.com\/site\/?p=10071"},"modified":"2022-05-21T11:01:53","modified_gmt":"2022-05-21T14:01:53","slug":"prefeito-ubaldino-se-reune-para-tratar-de-obra-que-possibilitara-a-geracao-de-1-000-empregos-em-valente-e-asfalto-de-valilandia-e-queimada-do-curral","status":"publish","type":"post","link":"https:\/\/informebahia.com\/site\/2022\/05\/21\/prefeito-ubaldino-se-reune-para-tratar-de-obra-que-possibilitara-a-geracao-de-1-000-empregos-em-valente-e-asfalto-de-valilandia-e-queimada-do-curral\/","title":{"rendered":"Prefeito Ubaldino se re\u00fane para tratar de obra que possibilitar\u00e1 a gera\u00e7\u00e3o de 1.000 empregos em Valente e asfalto de Valil\u00e2ndia e Queimada do Curral"},"content":{"rendered":"\n<div class=\"wp-block-image\"><figure class=\"aligncenter size-full\"><img loading=\"lazy\" decoding=\"async\" width=\"550\" height=\"367\" src=\"https:\/\/informebahia.com\/site\/wp-content\/uploads\/2022\/05\/282694937_314717024167498_3888139581968697806_n.jpg\" alt=\"\" class=\"wp-image-10072\" srcset=\"https:\/\/informebahia.com\/site\/wp-content\/uploads\/2022\/05\/282694937_314717024167498_3888139581968697806_n.jpg 550w, https:\/\/informebahia.com\/site\/wp-content\/uploads\/2022\/05\/282694937_314717024167498_3888139581968697806_n-300x200.jpg 300w\" sizes=\"auto, (max-width: 550px) 100vw, 550px\" \/><\/figure><\/div>\n\n\n\n<p>O Prefeito Ubaldino Amaral se reuniu na manh\u00e3 desta sexta-feira (20), com a equipe de engenheiros da Prefeitura de Valente e o Secret\u00e1rio de Finan\u00e7as, Edson Luiz, para tratar de duas importantes obras que est\u00e3o em andamento no munic\u00edpio. A primeira, a terraplenagem, com recursos pr\u00f3prios do munic\u00edpio, do terreno cedido pela Prefeitura de Valente com a aprova\u00e7\u00e3o da C\u00e2mara de Vereadores, sob a Lei n\u00b0 873, de 20 de abril deste ano, para a implanta\u00e7\u00e3o de mais um galp\u00e3o da ind\u00fastria cal\u00e7adista Lia Line que ter\u00e1 capacidade de ampliar consideravelmente o n\u00famero de postos de trabalho, pois ser\u00e3o abertas cerca de 1.000 novas vagas de empregos diretos. <\/p>\n\n\n\n<p>Esta amplia\u00e7\u00e3o ser\u00e1 poss\u00edvel gra\u00e7as \u00e0 intercess\u00e3o do Prefeito Ubaldino Amaral que logo ap\u00f3s ser eleito nas elei\u00e7\u00f5es de 2020, procurou o empres\u00e1rio Irivan Soares, atrav\u00e9s do gerente de recursos humanos da empresa em Valente, Valtemir, onde tratou de seu interesse na amplia\u00e7\u00e3o da mesma, para gera\u00e7\u00e3o de mais emprego e renda para a popula\u00e7\u00e3o valentense.<\/p>\n\n\n\n<p>Outra grande obra em andamento e que foi discutida na reuni\u00e3o \u00e9 a pavimenta\u00e7\u00e3o asf\u00e1ltica da estrada que liga a sede do munic\u00edpio ao Distrito de Valil\u00e2ndia e Povoado de Queimada do Curral. Um antigo sonho dos moradores daquela regi\u00e3o que est\u00e1 se tornando realidade. J\u00e1 foi dado in\u00edcio \u00e0 primeira fase da obra, que consiste na limpeza das margens da referida estrada, com a limpeza de cercas, poda das \u00e1rvores, aterramento em alguns trechos e o alargamento desta estrada em 7 metros, al\u00e9m da constru\u00e7\u00e3o de 03 passagens molhadas, deixando-a preparada para receber a implanta\u00e7\u00e3o do asfalto que deve ter iniciada ainda neste semestre.<\/p>\n\n\n\n<p class=\"has-text-align-right\">Ascom\/PMV<\/p>\n","protected":false},"excerpt":{"rendered":"<p>O Prefeito Ubaldino Amaral se reuniu na manh\u00e3 desta sexta-feira (20), com a equipe de engenheiros da Prefeitura de Valente e o Secret\u00e1rio de Finan\u00e7as, Edson Luiz, para tratar de duas importantes obras que est\u00e3o em andamento no munic\u00edpio. A primeira, a terraplenagem, com recursos pr\u00f3prios do munic\u00edpio, do terreno cedido pela Prefeitura de Valente [&hellip;]<\/p>\n","protected":false},"author":2,"featured_media":10072,"comment_status":"closed","ping_status":"open","sticky":false,"template":"","format":"standard","meta":{"footnotes":""},"categories":[2],"tags":[],"class_list":["post-10071","post","type-post","status-publish","format-standard","has-post-thumbnail","hentry","category-destaq"],"aioseo_notices":[],"_links":{"self":[{"href":"https:\/\/informebahia.com\/site\/wp-json\/wp\/v2\/posts\/10071","targetHints":{"allow":["GET"]}}],"collection":[{"href":"https:\/\/informebahia.com\/site\/wp-json\/wp\/v2\/posts"}],"about":[{"href":"https:\/\/informebahia.com\/site\/wp-json\/wp\/v2\/types\/post"}],"author":[{"embeddable":true,"href":"https:\/\/informebahia.com\/site\/wp-json\/wp\/v2\/users\/2"}],"replies":[{"embeddable":true,"href":"https:\/\/informebahia.com\/site\/wp-json\/wp\/v2\/comments?post=10071"}],"version-history":[{"count":1,"href":"https:\/\/informebahia.com\/site\/wp-json\/wp\/v2\/posts\/10071\/revisions"}],"predecessor-version":[{"id":10073,"href":"https:\/\/informebahia.com\/site\/wp-json\/wp\/v2\/posts\/10071\/revisions\/10073"}],"wp:featuredmedia":[{"embeddable":true,"href":"https:\/\/informebahia.com\/site\/wp-json\/wp\/v2\/media\/10072"}],"wp:attachment":[{"href":"https:\/\/informebahia.com\/site\/wp-json\/wp\/v2\/media?parent=10071"}],"wp:term":[{"taxonomy":"category","embeddable":true,"href":"https:\/\/informebahia.com\/site\/wp-json\/wp\/v2\/categories?post=10071"},{"taxonomy":"post_tag","embeddable":true,"href":"https:\/\/informebahia.com\/site\/wp-json\/wp\/v2\/tags?post=10071"}],"curies":[{"name":"wp","href":"https:\/\/api.w.org\/{rel}","templated":true}]}}