{"id":10093,"date":"2022-05-23T10:54:24","date_gmt":"2022-05-23T13:54:24","guid":{"rendered":"http:\/\/informebahia.com\/site\/?p=10093"},"modified":"2022-05-23T10:54:28","modified_gmt":"2022-05-23T13:54:28","slug":"fuga-frustrada-no-presidio-de-feira-falhas-nao-foram-corrigidas-denuncia-presidente-do-sinsppeb","status":"publish","type":"post","link":"https:\/\/informebahia.com\/site\/2022\/05\/23\/fuga-frustrada-no-presidio-de-feira-falhas-nao-foram-corrigidas-denuncia-presidente-do-sinsppeb\/","title":{"rendered":"Fuga frustrada no pres\u00eddio de Feira; falhas n\u00e3o foram corrigidas, denuncia presidente do SINSPPEB"},"content":{"rendered":"\n<div class=\"wp-block-image\"><figure class=\"aligncenter size-full\"><img loading=\"lazy\" decoding=\"async\" width=\"500\" height=\"300\" src=\"https:\/\/informebahia.com\/site\/wp-content\/uploads\/2022\/05\/cats-10.jpg\" alt=\"\" class=\"wp-image-10094\" srcset=\"https:\/\/informebahia.com\/site\/wp-content\/uploads\/2022\/05\/cats-10.jpg 500w, https:\/\/informebahia.com\/site\/wp-content\/uploads\/2022\/05\/cats-10-300x180.jpg 300w\" sizes=\"auto, (max-width: 500px) 100vw, 500px\" \/><figcaption>Foto: reprodu\u00e7\u00e3o\/g1<\/figcaption><\/figure><\/div>\n\n\n\n<p>Um detento do Conjunto Penal de Feira de Santana tentou fugir atrav\u00e9s de uma das guaritas vazias durante a madrugada desta segunda-feira (23), mas acabou sendo flagrado por policiais penais. Ele terminou detido e encaminhado para uma das celas da unidade.<\/p>\n\n\n\n<p>O preso estava no pavilh\u00e3o 9 e n\u00e3o h\u00e1 detalhes sobre como ele saiu da cela e teve acesso ao muro da unidade prisional, fato que deve render mais uma sindic\u00e2ncia.<\/p>\n\n\n\n<p>Reivon Pimentel, presidente do Sindicato dos Servidores da Pol\u00edcia Penal do Estado da Bahia (SINSPEB) denuncia que v\u00e1rios problemas apontados n\u00e3o foram solucionados no pres\u00eddio de Feira. Ele volta a citar a falta de policiamento nas guaritas da unidade prisional e o n\u00famero insuficiente de policiais penais para fiscalizar a popula\u00e7\u00e3o carcer\u00e1ria.<\/p>\n\n\n\n<p>Em entrevista ao rep\u00f3rter Denivaldo Costa, o presidente do SINSPPEB denuncia que das 17 guaritas existentes na unidade prisional, apenas 3 est\u00e3o sendo ocupadas por policiais militares.<\/p>\n\n\n\n<p class=\"has-text-align-right\">*Blog Central de Pol\u00edcia<\/p>\n","protected":false},"excerpt":{"rendered":"<p>Um detento do Conjunto Penal de Feira de Santana tentou fugir atrav\u00e9s de uma das guaritas vazias durante a madrugada desta segunda-feira (23), mas acabou sendo flagrado por policiais penais. Ele terminou detido e encaminhado para uma das celas da unidade. O preso estava no pavilh\u00e3o 9 e n\u00e3o h\u00e1 detalhes sobre como ele saiu [&hellip;]<\/p>\n","protected":false},"author":2,"featured_media":10094,"comment_status":"closed","ping_status":"open","sticky":false,"template":"","format":"standard","meta":{"footnotes":""},"categories":[26],"tags":[],"class_list":["post-10093","post","type-post","status-publish","format-standard","has-post-thumbnail","hentry","category-fatospolicias"],"aioseo_notices":[],"_links":{"self":[{"href":"https:\/\/informebahia.com\/site\/wp-json\/wp\/v2\/posts\/10093","targetHints":{"allow":["GET"]}}],"collection":[{"href":"https:\/\/informebahia.com\/site\/wp-json\/wp\/v2\/posts"}],"about":[{"href":"https:\/\/informebahia.com\/site\/wp-json\/wp\/v2\/types\/post"}],"author":[{"embeddable":true,"href":"https:\/\/informebahia.com\/site\/wp-json\/wp\/v2\/users\/2"}],"replies":[{"embeddable":true,"href":"https:\/\/informebahia.com\/site\/wp-json\/wp\/v2\/comments?post=10093"}],"version-history":[{"count":1,"href":"https:\/\/informebahia.com\/site\/wp-json\/wp\/v2\/posts\/10093\/revisions"}],"predecessor-version":[{"id":10095,"href":"https:\/\/informebahia.com\/site\/wp-json\/wp\/v2\/posts\/10093\/revisions\/10095"}],"wp:featuredmedia":[{"embeddable":true,"href":"https:\/\/informebahia.com\/site\/wp-json\/wp\/v2\/media\/10094"}],"wp:attachment":[{"href":"https:\/\/informebahia.com\/site\/wp-json\/wp\/v2\/media?parent=10093"}],"wp:term":[{"taxonomy":"category","embeddable":true,"href":"https:\/\/informebahia.com\/site\/wp-json\/wp\/v2\/categories?post=10093"},{"taxonomy":"post_tag","embeddable":true,"href":"https:\/\/informebahia.com\/site\/wp-json\/wp\/v2\/tags?post=10093"}],"curies":[{"name":"wp","href":"https:\/\/api.w.org\/{rel}","templated":true}]}}