{"id":10108,"date":"2022-05-23T14:34:50","date_gmt":"2022-05-23T17:34:50","guid":{"rendered":"http:\/\/informebahia.com\/site\/?p=10108"},"modified":"2022-05-23T14:34:53","modified_gmt":"2022-05-23T17:34:53","slug":"motorista-de-ambulancia-e-tecnica-morrem-em-acidente","status":"publish","type":"post","link":"https:\/\/informebahia.com\/site\/2022\/05\/23\/motorista-de-ambulancia-e-tecnica-morrem-em-acidente\/","title":{"rendered":"Motorista de ambul\u00e2ncia e t\u00e9cnica morrem em acidente"},"content":{"rendered":"\n<div class=\"wp-block-image\"><figure class=\"aligncenter size-full\"><img loading=\"lazy\" decoding=\"async\" width=\"550\" height=\"405\" src=\"https:\/\/informebahia.com\/site\/wp-content\/uploads\/2022\/05\/IMAGEM_NOTICIA_5-21.jpg\" alt=\"\" class=\"wp-image-10109\" srcset=\"https:\/\/informebahia.com\/site\/wp-content\/uploads\/2022\/05\/IMAGEM_NOTICIA_5-21.jpg 550w, https:\/\/informebahia.com\/site\/wp-content\/uploads\/2022\/05\/IMAGEM_NOTICIA_5-21-300x221.jpg 300w, https:\/\/informebahia.com\/site\/wp-content\/uploads\/2022\/05\/IMAGEM_NOTICIA_5-21-80x60.jpg 80w\" sizes=\"auto, (max-width: 550px) 100vw, 550px\" \/><\/figure><\/div>\n\n\n\n<p>Duas pessoas morreram e uma terceira ficou ferida em uma batida entre uma ambul\u00e2ncia e um carro na manh\u00e3 desta segunda-feira (23) em um trecho da BR-330 de Ubat\u00e3, no M\u00e9dio Rio de Contas, Sudoeste baiano. O motorista da ambul\u00e2ncia e uma t\u00e9cnica que estavam no ve\u00edculo morreram. Eles eram servidores da secretaria de sa\u00fade de Ubat\u00e3.<\/p>\n\n\n\n<p>Um paciente e um acompanhante que estavam no mesmo ve\u00edculo n\u00e3o ficaram feridos. Segundo o G1, o acidente ocorreu por volta de 6h, na altura do km 824 da rodovia, quando a ambul\u00e2ncia colidiu com um Onix branco que, por sua vez, levava quatro pessoas.<\/p>\n\n\n\n<p>Entre os ocupantes, o motorista foi o \u00fanico que ficou ferido. Ele segue em observa\u00e7\u00e3o no Hospital C\u00e9sar Monteiro Piraj\u00e1, em Ubat\u00e3. Devido ao ocorrido, a prefeitura de Ubat\u00e3 divulgou nota lamentando a morte dos servidores.<\/p>\n","protected":false},"excerpt":{"rendered":"<p>Duas pessoas morreram e uma terceira ficou ferida em uma batida entre uma ambul\u00e2ncia e um carro na manh\u00e3 desta segunda-feira (23) em um trecho da BR-330 de Ubat\u00e3, no M\u00e9dio Rio de Contas, Sudoeste baiano. O motorista da ambul\u00e2ncia e uma t\u00e9cnica que estavam no ve\u00edculo morreram. Eles eram servidores da secretaria de sa\u00fade [&hellip;]<\/p>\n","protected":false},"author":2,"featured_media":10109,"comment_status":"closed","ping_status":"open","sticky":false,"template":"","format":"standard","meta":{"footnotes":""},"categories":[2],"tags":[],"class_list":["post-10108","post","type-post","status-publish","format-standard","has-post-thumbnail","hentry","category-destaq"],"aioseo_notices":[],"_links":{"self":[{"href":"https:\/\/informebahia.com\/site\/wp-json\/wp\/v2\/posts\/10108","targetHints":{"allow":["GET"]}}],"collection":[{"href":"https:\/\/informebahia.com\/site\/wp-json\/wp\/v2\/posts"}],"about":[{"href":"https:\/\/informebahia.com\/site\/wp-json\/wp\/v2\/types\/post"}],"author":[{"embeddable":true,"href":"https:\/\/informebahia.com\/site\/wp-json\/wp\/v2\/users\/2"}],"replies":[{"embeddable":true,"href":"https:\/\/informebahia.com\/site\/wp-json\/wp\/v2\/comments?post=10108"}],"version-history":[{"count":1,"href":"https:\/\/informebahia.com\/site\/wp-json\/wp\/v2\/posts\/10108\/revisions"}],"predecessor-version":[{"id":10110,"href":"https:\/\/informebahia.com\/site\/wp-json\/wp\/v2\/posts\/10108\/revisions\/10110"}],"wp:featuredmedia":[{"embeddable":true,"href":"https:\/\/informebahia.com\/site\/wp-json\/wp\/v2\/media\/10109"}],"wp:attachment":[{"href":"https:\/\/informebahia.com\/site\/wp-json\/wp\/v2\/media?parent=10108"}],"wp:term":[{"taxonomy":"category","embeddable":true,"href":"https:\/\/informebahia.com\/site\/wp-json\/wp\/v2\/categories?post=10108"},{"taxonomy":"post_tag","embeddable":true,"href":"https:\/\/informebahia.com\/site\/wp-json\/wp\/v2\/tags?post=10108"}],"curies":[{"name":"wp","href":"https:\/\/api.w.org\/{rel}","templated":true}]}}