{"id":10120,"date":"2022-05-24T10:00:32","date_gmt":"2022-05-24T13:00:32","guid":{"rendered":"http:\/\/informebahia.com\/site\/?p=10120"},"modified":"2022-05-24T10:00:36","modified_gmt":"2022-05-24T13:00:36","slug":"filme-detalha-ultimos-anos-de-frans-krajcberg-artista-que-doou-todas-as-obras-para-a-bahia","status":"publish","type":"post","link":"https:\/\/informebahia.com\/site\/2022\/05\/24\/filme-detalha-ultimos-anos-de-frans-krajcberg-artista-que-doou-todas-as-obras-para-a-bahia\/","title":{"rendered":"Filme detalha \u00faltimos anos de Frans Krajcberg, artista que doou todas as obras para a Bahia"},"content":{"rendered":"\n<div class=\"wp-block-image\"><figure class=\"aligncenter size-full\"><img loading=\"lazy\" decoding=\"async\" width=\"380\" height=\"280\" src=\"https:\/\/informebahia.com\/site\/wp-content\/uploads\/2022\/05\/IMAGEM_NOTICIA_5-1-15.jpg\" alt=\"\" class=\"wp-image-10121\" srcset=\"https:\/\/informebahia.com\/site\/wp-content\/uploads\/2022\/05\/IMAGEM_NOTICIA_5-1-15.jpg 380w, https:\/\/informebahia.com\/site\/wp-content\/uploads\/2022\/05\/IMAGEM_NOTICIA_5-1-15-300x221.jpg 300w, https:\/\/informebahia.com\/site\/wp-content\/uploads\/2022\/05\/IMAGEM_NOTICIA_5-1-15-80x60.jpg 80w\" sizes=\"auto, (max-width: 380px) 100vw, 380px\" \/><figcaption>Foto: Divulga\u00e7\u00e3o<\/figcaption><\/figure><\/div>\n\n\n\n<p>O filme \u201cBom dia, Krajcberg!\u201d, que detalha os \u00faltimos dias de vida do artista e ativista ambiental polon\u00eas radicado na Bahia, Frans Krajcberg, est\u00e1 com exibi\u00e7\u00e3o de estreia marcada para o in\u00edcio do segundo semestre, em Salvador.<\/p>\n\n\n\n<p>O document\u00e1rio traz registros in\u00e9ditos dos \u00faltimos nove anos de vida do escultor, pintor, gravador e fot\u00f3grafo falecido em 2017, aos 96 anos, em Nova Vi\u00e7osa, extremo-sul da Bahia, onde morou nos seus \u00faltimos 45 anos de vida.<\/p>\n\n\n\n<p>Com dire\u00e7\u00e3o assinada pela jornalista baiana Renata Rocha, que \u00e9 tamb\u00e9m bi\u00f3grafa oficial do artista, e pelo pr\u00f3prio Krajcberg, o document\u00e1rio com 1h25 \u00e9 fruto da sele\u00e7\u00e3o de um acervo de grava\u00e7\u00f5es feitas entre 2008 e 2017.<\/p>\n\n\n\n<p>A estreia acontece na Saladearte Cinema do Museu, no bairro da Vit\u00f3ria, no dia 9 de junho, \u00e0s 18h30.<\/p>\n\n\n\n<p class=\"has-text-align-right\">*Bahia Not\u00edcias<\/p>\n","protected":false},"excerpt":{"rendered":"<p>O filme \u201cBom dia, Krajcberg!\u201d, que detalha os \u00faltimos dias de vida do artista e ativista ambiental polon\u00eas radicado na Bahia, Frans Krajcberg, est\u00e1 com exibi\u00e7\u00e3o de estreia marcada para o in\u00edcio do segundo semestre, em Salvador. O document\u00e1rio traz registros in\u00e9ditos dos \u00faltimos nove anos de vida do escultor, pintor, gravador e fot\u00f3grafo falecido [&hellip;]<\/p>\n","protected":false},"author":2,"featured_media":10121,"comment_status":"closed","ping_status":"open","sticky":false,"template":"","format":"standard","meta":{"footnotes":""},"categories":[33],"tags":[],"class_list":["post-10120","post","type-post","status-publish","format-standard","has-post-thumbnail","hentry","category-geral"],"aioseo_notices":[],"_links":{"self":[{"href":"https:\/\/informebahia.com\/site\/wp-json\/wp\/v2\/posts\/10120","targetHints":{"allow":["GET"]}}],"collection":[{"href":"https:\/\/informebahia.com\/site\/wp-json\/wp\/v2\/posts"}],"about":[{"href":"https:\/\/informebahia.com\/site\/wp-json\/wp\/v2\/types\/post"}],"author":[{"embeddable":true,"href":"https:\/\/informebahia.com\/site\/wp-json\/wp\/v2\/users\/2"}],"replies":[{"embeddable":true,"href":"https:\/\/informebahia.com\/site\/wp-json\/wp\/v2\/comments?post=10120"}],"version-history":[{"count":1,"href":"https:\/\/informebahia.com\/site\/wp-json\/wp\/v2\/posts\/10120\/revisions"}],"predecessor-version":[{"id":10122,"href":"https:\/\/informebahia.com\/site\/wp-json\/wp\/v2\/posts\/10120\/revisions\/10122"}],"wp:featuredmedia":[{"embeddable":true,"href":"https:\/\/informebahia.com\/site\/wp-json\/wp\/v2\/media\/10121"}],"wp:attachment":[{"href":"https:\/\/informebahia.com\/site\/wp-json\/wp\/v2\/media?parent=10120"}],"wp:term":[{"taxonomy":"category","embeddable":true,"href":"https:\/\/informebahia.com\/site\/wp-json\/wp\/v2\/categories?post=10120"},{"taxonomy":"post_tag","embeddable":true,"href":"https:\/\/informebahia.com\/site\/wp-json\/wp\/v2\/tags?post=10120"}],"curies":[{"name":"wp","href":"https:\/\/api.w.org\/{rel}","templated":true}]}}