{"id":10123,"date":"2022-05-24T10:03:22","date_gmt":"2022-05-24T13:03:22","guid":{"rendered":"http:\/\/informebahia.com\/site\/?p=10123"},"modified":"2022-05-24T10:03:29","modified_gmt":"2022-05-24T13:03:29","slug":"baianao-sub-20-bahia-enfrenta-o-flu-de-feira-nas-quartas-de-final","status":"publish","type":"post","link":"https:\/\/informebahia.com\/site\/2022\/05\/24\/baianao-sub-20-bahia-enfrenta-o-flu-de-feira-nas-quartas-de-final\/","title":{"rendered":"Baian\u00e3o sub-20: Bahia enfrenta o Flu de Feira nas quartas de final"},"content":{"rendered":"\n<div class=\"wp-block-image\"><figure class=\"aligncenter size-full\"><img loading=\"lazy\" decoding=\"async\" width=\"380\" height=\"280\" src=\"https:\/\/informebahia.com\/site\/wp-content\/uploads\/2022\/05\/IMAGEM_BAHIA_5-5.jpg\" alt=\"\" class=\"wp-image-10124\" srcset=\"https:\/\/informebahia.com\/site\/wp-content\/uploads\/2022\/05\/IMAGEM_BAHIA_5-5.jpg 380w, https:\/\/informebahia.com\/site\/wp-content\/uploads\/2022\/05\/IMAGEM_BAHIA_5-5-300x221.jpg 300w, https:\/\/informebahia.com\/site\/wp-content\/uploads\/2022\/05\/IMAGEM_BAHIA_5-5-80x60.jpg 80w\" sizes=\"auto, (max-width: 380px) 100vw, 380px\" \/><figcaption>Foto: Rafael Machaddo \/ EC Bahia<\/figcaption><\/figure><\/div>\n\n\n\n<p>A Federa\u00e7\u00e3o Bahiana de Futebol (FBF) definiu a programa\u00e7\u00e3o das quartas de final do Campeonato Baiano sub-20. Em busca do tetracampeonato estadual, o Bahia encara o Fluminense de Feira em busca de uma vaga entre os quatro melhores.<\/p>\n\n\n\n<p>O primeiro jogo entre as duas equipes ser\u00e1 na pr\u00f3xima sexta-feira (27), \u00e0s 15h, no Joia da Princesa, em Feira de Santana. A partida da volta vai acontecer no dia 4 de junho, tamb\u00e9m \u00e0s 15h, no CT Evaristo de Macedo.<\/p>\n\n\n\n<p>A equipe treinada por Diogo Siston avan\u00e7ou na primeira posi\u00e7\u00e3o do Grupo 1, com 19 pontos conquistados. No \u00faltimo s\u00e1bado (21), os meninos tricolores fecharam a primeira fase com um empate em 0 a 0 contra a Juazeirense.<\/p>\n\n\n\n<p class=\"has-text-align-right\">*Bahia Not\u00edcias<\/p>\n","protected":false},"excerpt":{"rendered":"<p>A Federa\u00e7\u00e3o Bahiana de Futebol (FBF) definiu a programa\u00e7\u00e3o das quartas de final do Campeonato Baiano sub-20. Em busca do tetracampeonato estadual, o Bahia encara o Fluminense de Feira em busca de uma vaga entre os quatro melhores. O primeiro jogo entre as duas equipes ser\u00e1 na pr\u00f3xima sexta-feira (27), \u00e0s 15h, no Joia da [&hellip;]<\/p>\n","protected":false},"author":2,"featured_media":10124,"comment_status":"closed","ping_status":"open","sticky":false,"template":"","format":"standard","meta":{"footnotes":""},"categories":[20],"tags":[],"class_list":["post-10123","post","type-post","status-publish","format-standard","has-post-thumbnail","hentry","category-esporte"],"aioseo_notices":[],"_links":{"self":[{"href":"https:\/\/informebahia.com\/site\/wp-json\/wp\/v2\/posts\/10123","targetHints":{"allow":["GET"]}}],"collection":[{"href":"https:\/\/informebahia.com\/site\/wp-json\/wp\/v2\/posts"}],"about":[{"href":"https:\/\/informebahia.com\/site\/wp-json\/wp\/v2\/types\/post"}],"author":[{"embeddable":true,"href":"https:\/\/informebahia.com\/site\/wp-json\/wp\/v2\/users\/2"}],"replies":[{"embeddable":true,"href":"https:\/\/informebahia.com\/site\/wp-json\/wp\/v2\/comments?post=10123"}],"version-history":[{"count":1,"href":"https:\/\/informebahia.com\/site\/wp-json\/wp\/v2\/posts\/10123\/revisions"}],"predecessor-version":[{"id":10125,"href":"https:\/\/informebahia.com\/site\/wp-json\/wp\/v2\/posts\/10123\/revisions\/10125"}],"wp:featuredmedia":[{"embeddable":true,"href":"https:\/\/informebahia.com\/site\/wp-json\/wp\/v2\/media\/10124"}],"wp:attachment":[{"href":"https:\/\/informebahia.com\/site\/wp-json\/wp\/v2\/media?parent=10123"}],"wp:term":[{"taxonomy":"category","embeddable":true,"href":"https:\/\/informebahia.com\/site\/wp-json\/wp\/v2\/categories?post=10123"},{"taxonomy":"post_tag","embeddable":true,"href":"https:\/\/informebahia.com\/site\/wp-json\/wp\/v2\/tags?post=10123"}],"curies":[{"name":"wp","href":"https:\/\/api.w.org\/{rel}","templated":true}]}}