{"id":10887,"date":"2022-06-23T17:47:34","date_gmt":"2022-06-23T20:47:34","guid":{"rendered":"http:\/\/informebahia.com\/site\/?p=10887"},"modified":"2022-06-23T17:47:38","modified_gmt":"2022-06-23T20:47:38","slug":"juiz-que-determinou-prisao-de-milton-ribeiro-sofre-ameacas","status":"publish","type":"post","link":"https:\/\/informebahia.com\/site\/2022\/06\/23\/juiz-que-determinou-prisao-de-milton-ribeiro-sofre-ameacas\/","title":{"rendered":"Juiz que determinou pris\u00e3o de Milton Ribeiro sofre amea\u00e7as"},"content":{"rendered":"<div class=\"wp-block-image\">\n<figure class=\"aligncenter size-full\"><img loading=\"lazy\" decoding=\"async\" width=\"450\" height=\"306\" src=\"https:\/\/informebahia.com\/site\/wp-content\/uploads\/2022\/06\/cats-15.jpg\" alt=\"\" class=\"wp-image-10894\" srcset=\"https:\/\/informebahia.com\/site\/wp-content\/uploads\/2022\/06\/cats-15.jpg 450w, https:\/\/informebahia.com\/site\/wp-content\/uploads\/2022\/06\/cats-15-300x204.jpg 300w\" sizes=\"auto, (max-width: 450px) 100vw, 450px\" \/><figcaption><em>Foto: Pedro Ladeira\/Arquivo\/Folhapress<\/em><\/figcaption><\/figure>\n<\/div>\n\n\n<p>A assessoria de imprensa da Justi\u00e7a Federal no Distrito Federal disse, nesta quinta-feira (23), que o juiz Renato Borelli, da 15\u00aa Vara Federal de Bras\u00edlia, tem sofrido \u201ccentenas de amea\u00e7as\u201d ap\u00f3s decretar a pris\u00e3o do ex-ministro da Educa\u00e7\u00e3o Milton Ribeiro, informa o G1.<\/p>\n\n\n\n<p>O magistrado tem recebido ataques de \u201cgrupos de apoio\u201d ao ex-ministro. \u201cOs pedidos de investiga\u00e7\u00e3o j\u00e1 foram encaminhados para a PF [Pol\u00edcia Federal]\u201d, afirma a assessoria da Corte.<\/p>\n\n\n\n<p>Milton Ribeiro foi preso na quarta (22) e \u00e9 investigado por participa\u00e7\u00e3o em um suposto esquema de libera\u00e7\u00e3o de verbas do Minist\u00e9rio da Educa\u00e7\u00e3o.<\/p>\n\n\n\n<p class=\"has-text-align-right\">*Politica Livre<\/p>\n","protected":false},"excerpt":{"rendered":"<p>A assessoria de imprensa da Justi\u00e7a Federal no Distrito Federal disse, nesta quinta-feira (23), que o juiz Renato Borelli, da 15\u00aa Vara Federal de Bras\u00edlia, tem sofrido \u201ccentenas de amea\u00e7as\u201d ap\u00f3s decretar a pris\u00e3o do ex-ministro da Educa\u00e7\u00e3o Milton Ribeiro, informa o G1. O magistrado tem recebido ataques de \u201cgrupos de apoio\u201d ao ex-ministro. \u201cOs [&hellip;]<\/p>\n","protected":false},"author":2,"featured_media":10894,"comment_status":"closed","ping_status":"open","sticky":false,"template":"","format":"standard","meta":{"footnotes":""},"categories":[17],"tags":[],"class_list":["post-10887","post","type-post","status-publish","format-standard","has-post-thumbnail","hentry","category-politica"],"aioseo_notices":[],"_links":{"self":[{"href":"https:\/\/informebahia.com\/site\/wp-json\/wp\/v2\/posts\/10887","targetHints":{"allow":["GET"]}}],"collection":[{"href":"https:\/\/informebahia.com\/site\/wp-json\/wp\/v2\/posts"}],"about":[{"href":"https:\/\/informebahia.com\/site\/wp-json\/wp\/v2\/types\/post"}],"author":[{"embeddable":true,"href":"https:\/\/informebahia.com\/site\/wp-json\/wp\/v2\/users\/2"}],"replies":[{"embeddable":true,"href":"https:\/\/informebahia.com\/site\/wp-json\/wp\/v2\/comments?post=10887"}],"version-history":[{"count":1,"href":"https:\/\/informebahia.com\/site\/wp-json\/wp\/v2\/posts\/10887\/revisions"}],"predecessor-version":[{"id":10895,"href":"https:\/\/informebahia.com\/site\/wp-json\/wp\/v2\/posts\/10887\/revisions\/10895"}],"wp:featuredmedia":[{"embeddable":true,"href":"https:\/\/informebahia.com\/site\/wp-json\/wp\/v2\/media\/10894"}],"wp:attachment":[{"href":"https:\/\/informebahia.com\/site\/wp-json\/wp\/v2\/media?parent=10887"}],"wp:term":[{"taxonomy":"category","embeddable":true,"href":"https:\/\/informebahia.com\/site\/wp-json\/wp\/v2\/categories?post=10887"},{"taxonomy":"post_tag","embeddable":true,"href":"https:\/\/informebahia.com\/site\/wp-json\/wp\/v2\/tags?post=10887"}],"curies":[{"name":"wp","href":"https:\/\/api.w.org\/{rel}","templated":true}]}}