{"id":10916,"date":"2022-06-24T15:40:00","date_gmt":"2022-06-24T18:40:00","guid":{"rendered":"http:\/\/informebahia.com\/site\/?p=10916"},"modified":"2022-06-24T15:40:03","modified_gmt":"2022-06-24T18:40:03","slug":"jogadores-barroquense-sao-convocados-para-disputar-o-intermunicipal-pela-selecao-de-serrinha-e-comentam-oportunidade","status":"publish","type":"post","link":"https:\/\/informebahia.com\/site\/2022\/06\/24\/jogadores-barroquense-sao-convocados-para-disputar-o-intermunicipal-pela-selecao-de-serrinha-e-comentam-oportunidade\/","title":{"rendered":"Jogadores Barroquense s\u00e3o convocados para disputar o Intermunicipal pela Sele\u00e7\u00e3o de Serrinha e comentam oportunidade"},"content":{"rendered":"<div class=\"wp-block-image\">\n<figure class=\"aligncenter size-full\"><img loading=\"lazy\" decoding=\"async\" width=\"491\" height=\"281\" src=\"https:\/\/informebahia.com\/site\/wp-content\/uploads\/2022\/06\/page.jpg\" alt=\"\" class=\"wp-image-10917\" srcset=\"https:\/\/informebahia.com\/site\/wp-content\/uploads\/2022\/06\/page.jpg 491w, https:\/\/informebahia.com\/site\/wp-content\/uploads\/2022\/06\/page-300x172.jpg 300w\" sizes=\"auto, (max-width: 491px) 100vw, 491px\" \/><figcaption>Douglas, Titico, Durico e Tayrone. Fotos arquivos<\/figcaption><\/figure>\n<\/div>\n\n\n<p>Como ainda n\u00e3o ser\u00e1 esse ano a estreia da Sele\u00e7\u00e3o de Barrocas no Intermunicipal de Futebol, alguns atletas barroquenses que se destacaram no Campeonato Municipal, foram convocados, para integrarem a sele\u00e7\u00e3o Serrinhense de Futebol, tr\u00eas vezes campe\u00e3 da competi\u00e7\u00e3o, que voltar\u00e1 a disputa ap\u00f3s alguns anos sem participar do certame.<\/p>\n\n\n\n<p>Bicampe\u00e3o Barroquense pelo Fluminense (2018-2019), o zagueiro Wanderson, conhecido Titico, garantiu a sua vaga na equipe da cidade vizinha ap\u00f3s \u00f3timo desempenho esse ano, o jovem comemorou a convoca\u00e7\u00e3o: &#8220;Primeiramente eu tenho que agradecer a Deus, estou muito feliz pela oportunidade, e pela confian\u00e7a que est\u00e3o me dando. S\u00f3 tenho a gradecer ao treinador pela oportunidade. Estou focado nos treinos para chegar bem preparado e dar o meu melhor em campo&#8221;, finalizou o zagueiro Titico.<\/p>\n\n\n\n<p>Autor do primeiro gol do Est\u00e1dio Municipal, o jovem Tayrone Santos, est\u00e1 na lista para compor o ataque do time serrinhense, ele n\u00e3o esconde a satisfa\u00e7\u00e3o de receber essa oportunidade: &#8220;Momento incr\u00edvel em minha vida em que eu sempre sonhei com esse momento de poder vestir a camisa de uma grande sele\u00e7\u00e3o no intermunicipal e enfim tive meu trabalho reconhecido. Sendo convocado para poder est\u00e1 se juntando com eles nessa jornada em busca de mais um t\u00edtulo de intermunicipal para a Sele\u00e7\u00e3o de Serrinha&#8221;, afirmou o craque.<\/p>\n\n\n\n<p>O habilidoso Durico que estava em S\u00e3o Paulo vestindo a camisa do Unidos de Barrocas, tamb\u00e9m est\u00e3o entre os convocados para compor o elenco da Sele\u00e7\u00e3o de Serrinha: Primeiramente agradecer a Deus pela oportunidade, e estou muito feliz pela convoca\u00e7\u00e3o para a Sele\u00e7\u00e3o de Serrinha. Eu n\u00e3o esperava essa not\u00edcia e estou muito feliz pela oportunidade que me deram de fazer parte da campanha, a partir da semana que vem come\u00e7ar a prepara\u00e7\u00e3o, vai ser um grande desafio, ent\u00e3o para poder chegar l\u00e1 e est\u00e1 bem tem que se preparar. Estou muito feliz, estou muito feliz pela oportunidade que me deram, a Deus por tudo isso.<\/p>\n\n\n\n<p>Experiente, e j\u00e1 Campe\u00e3o de Intermunicipal, o volante e capit\u00e3o do Fluminense, Douglas Santos. O JNV tentou contato com eles para que pudessem comentar a convoca\u00e7\u00e3o, mas eles n\u00e3o puderam responder. Desejamos sorte a todos os atletas barroquenses que v\u00e3o participar do intermunicipal 2022, dos mais experientes, aos que ir\u00e3o disputar a competi\u00e7\u00e3o pela primeira vez.<\/p>\n\n\n\n<p class=\"has-text-align-right\">*Jornal Nossa Voz<\/p>\n","protected":false},"excerpt":{"rendered":"<p>Como ainda n\u00e3o ser\u00e1 esse ano a estreia da Sele\u00e7\u00e3o de Barrocas no Intermunicipal de Futebol, alguns atletas barroquenses que se destacaram no Campeonato Municipal, foram convocados, para integrarem a sele\u00e7\u00e3o Serrinhense de Futebol, tr\u00eas vezes campe\u00e3 da competi\u00e7\u00e3o, que voltar\u00e1 a disputa ap\u00f3s alguns anos sem participar do certame. Bicampe\u00e3o Barroquense pelo Fluminense (2018-2019), [&hellip;]<\/p>\n","protected":false},"author":2,"featured_media":10917,"comment_status":"closed","ping_status":"open","sticky":false,"template":"","format":"standard","meta":{"footnotes":""},"categories":[20],"tags":[],"class_list":["post-10916","post","type-post","status-publish","format-standard","has-post-thumbnail","hentry","category-esporte"],"aioseo_notices":[],"_links":{"self":[{"href":"https:\/\/informebahia.com\/site\/wp-json\/wp\/v2\/posts\/10916","targetHints":{"allow":["GET"]}}],"collection":[{"href":"https:\/\/informebahia.com\/site\/wp-json\/wp\/v2\/posts"}],"about":[{"href":"https:\/\/informebahia.com\/site\/wp-json\/wp\/v2\/types\/post"}],"author":[{"embeddable":true,"href":"https:\/\/informebahia.com\/site\/wp-json\/wp\/v2\/users\/2"}],"replies":[{"embeddable":true,"href":"https:\/\/informebahia.com\/site\/wp-json\/wp\/v2\/comments?post=10916"}],"version-history":[{"count":1,"href":"https:\/\/informebahia.com\/site\/wp-json\/wp\/v2\/posts\/10916\/revisions"}],"predecessor-version":[{"id":10918,"href":"https:\/\/informebahia.com\/site\/wp-json\/wp\/v2\/posts\/10916\/revisions\/10918"}],"wp:featuredmedia":[{"embeddable":true,"href":"https:\/\/informebahia.com\/site\/wp-json\/wp\/v2\/media\/10917"}],"wp:attachment":[{"href":"https:\/\/informebahia.com\/site\/wp-json\/wp\/v2\/media?parent=10916"}],"wp:term":[{"taxonomy":"category","embeddable":true,"href":"https:\/\/informebahia.com\/site\/wp-json\/wp\/v2\/categories?post=10916"},{"taxonomy":"post_tag","embeddable":true,"href":"https:\/\/informebahia.com\/site\/wp-json\/wp\/v2\/tags?post=10916"}],"curies":[{"name":"wp","href":"https:\/\/api.w.org\/{rel}","templated":true}]}}