{"id":10926,"date":"2022-06-25T16:40:33","date_gmt":"2022-06-25T19:40:33","guid":{"rendered":"http:\/\/informebahia.com\/site\/?p=10926"},"modified":"2022-06-25T16:40:36","modified_gmt":"2022-06-25T19:40:36","slug":"em-recuperacao-por-causa-de-lesao-na-coluna-wesley-safadao-nao-podera-cumprir-agenda-de-shows-na-ba","status":"publish","type":"post","link":"https:\/\/informebahia.com\/site\/2022\/06\/25\/em-recuperacao-por-causa-de-lesao-na-coluna-wesley-safadao-nao-podera-cumprir-agenda-de-shows-na-ba\/","title":{"rendered":"Em recupera\u00e7\u00e3o por causa de les\u00e3o na coluna, Wesley Safad\u00e3o n\u00e3o poder\u00e1 cumprir agenda de shows na BA\u00a0"},"content":{"rendered":"<div class=\"wp-block-image\">\n<figure class=\"aligncenter size-full is-resized\"><img loading=\"lazy\" decoding=\"async\" src=\"https:\/\/informebahia.com\/site\/wp-content\/uploads\/2022\/06\/ws.webp\" alt=\"\" class=\"wp-image-10927\" width=\"601\" height=\"376\" srcset=\"https:\/\/informebahia.com\/site\/wp-content\/uploads\/2022\/06\/ws.webp 1008w, https:\/\/informebahia.com\/site\/wp-content\/uploads\/2022\/06\/ws-300x188.webp 300w, https:\/\/informebahia.com\/site\/wp-content\/uploads\/2022\/06\/ws-768x481.webp 768w, https:\/\/informebahia.com\/site\/wp-content\/uploads\/2022\/06\/ws-696x436.webp 696w, https:\/\/informebahia.com\/site\/wp-content\/uploads\/2022\/06\/ws-671x420.webp 671w\" sizes=\"auto, (max-width: 601px) 100vw, 601px\" \/><figcaption>\u00a0Foto: Reprodu\u00e7\u00e3o\/Instagram<\/figcaption><\/figure>\n<\/div>\n\n\n<p>Em processo de recupera\u00e7\u00e3o por causa de uma les\u00e3o na coluna, o cantor\u00a0Wesley Safad\u00e3o\u00a0n\u00e3o poder\u00e1 cumprir a agenda de shows na Bahia este fim de semana. A informa\u00e7\u00e3o foi confirmada atrav\u00e9s das redes sociais do artista na tarde deste s\u00e1bado (25).<\/p>\n\n\n\n<p>Segundo o site <a href=\"https:\/\/g1.globo.com\/ba\/bahia\/saojoao2022\/noticia\/2022\/06\/25\/em-recuperacao-por-causa-de-lesao-na-coluna-wesley-safadao-nao-podera-cumprir-agenda-de-shows-na-ba-este-fim-de-semana.ghtml\">G1 Bahia<\/a>, Wesley iria se apresentar em\u00a0Santo Ant\u00f4nio de Jesus,\u00a0Cruz das Almas\u00a0e\u00a0Concei\u00e7\u00e3o do Jacu\u00edpe\u00a0neste s\u00e1bado. J\u00e1 no domingo (25), ele faria show na cidade de\u00a0Ibicu\u00ed, na Bahia, al\u00e9m dos munic\u00edpios de Santa Luzia e Monteiro, ambos na Para\u00edba.<\/p>\n\n\n\n<p>No comunicado publicado nas redes sociais, a WS Shows, empresa que gerencia a carreira do artista, detalhou que\u00a0Wesley Safad\u00e3o\u00a0encontra-se em recupera\u00e7\u00e3o de uma les\u00e3o na coluna e por recomenda\u00e7\u00f5es m\u00e9dicas ficar\u00e1 em repouso.<\/p>\n\n\n\n<p>Na cidade de\u00a0Cruz das Almas, o cantor Bell Marques vai substituir\u00a0Wesley Safad\u00e3o, segundo nota da prefeitura. &#8220;A Prefeitura se solidariza com o momento delicado que est\u00e1 passando o artista\u00a0Wesley Safad\u00e3o\u00a0e torce pela sua r\u00e1pida recupera\u00e7\u00e3o, e tamb\u00e9m informa que j\u00e1 est\u00e1 em negocia\u00e7\u00e3o para garantir Safad\u00e3o no S\u00e3o Jo\u00e3o de Cruz de 2023&#8221;, disse a gest\u00e3o municipal.<\/p>\n","protected":false},"excerpt":{"rendered":"<p>Em processo de recupera\u00e7\u00e3o por causa de uma les\u00e3o na coluna, o cantor\u00a0Wesley Safad\u00e3o\u00a0n\u00e3o poder\u00e1 cumprir a agenda de shows na Bahia este fim de semana. A informa\u00e7\u00e3o foi confirmada atrav\u00e9s das redes sociais do artista na tarde deste s\u00e1bado (25). Segundo o site G1 Bahia, Wesley iria se apresentar em\u00a0Santo Ant\u00f4nio de Jesus,\u00a0Cruz das [&hellip;]<\/p>\n","protected":false},"author":2,"featured_media":10927,"comment_status":"closed","ping_status":"open","sticky":false,"template":"","format":"standard","meta":{"footnotes":""},"categories":[33],"tags":[],"class_list":["post-10926","post","type-post","status-publish","format-standard","has-post-thumbnail","hentry","category-geral"],"aioseo_notices":[],"_links":{"self":[{"href":"https:\/\/informebahia.com\/site\/wp-json\/wp\/v2\/posts\/10926","targetHints":{"allow":["GET"]}}],"collection":[{"href":"https:\/\/informebahia.com\/site\/wp-json\/wp\/v2\/posts"}],"about":[{"href":"https:\/\/informebahia.com\/site\/wp-json\/wp\/v2\/types\/post"}],"author":[{"embeddable":true,"href":"https:\/\/informebahia.com\/site\/wp-json\/wp\/v2\/users\/2"}],"replies":[{"embeddable":true,"href":"https:\/\/informebahia.com\/site\/wp-json\/wp\/v2\/comments?post=10926"}],"version-history":[{"count":1,"href":"https:\/\/informebahia.com\/site\/wp-json\/wp\/v2\/posts\/10926\/revisions"}],"predecessor-version":[{"id":10928,"href":"https:\/\/informebahia.com\/site\/wp-json\/wp\/v2\/posts\/10926\/revisions\/10928"}],"wp:featuredmedia":[{"embeddable":true,"href":"https:\/\/informebahia.com\/site\/wp-json\/wp\/v2\/media\/10927"}],"wp:attachment":[{"href":"https:\/\/informebahia.com\/site\/wp-json\/wp\/v2\/media?parent=10926"}],"wp:term":[{"taxonomy":"category","embeddable":true,"href":"https:\/\/informebahia.com\/site\/wp-json\/wp\/v2\/categories?post=10926"},{"taxonomy":"post_tag","embeddable":true,"href":"https:\/\/informebahia.com\/site\/wp-json\/wp\/v2\/tags?post=10926"}],"curies":[{"name":"wp","href":"https:\/\/api.w.org\/{rel}","templated":true}]}}