{"id":10936,"date":"2022-06-25T18:21:37","date_gmt":"2022-06-25T21:21:37","guid":{"rendered":"http:\/\/informebahia.com\/site\/?p=10936"},"modified":"2022-06-25T18:21:55","modified_gmt":"2022-06-25T21:21:55","slug":"aborto-ilegal-nao-e-questao-de-saude-publica-diz-secretario-do-ministerio-da-saude","status":"publish","type":"post","link":"https:\/\/informebahia.com\/site\/2022\/06\/25\/aborto-ilegal-nao-e-questao-de-saude-publica-diz-secretario-do-ministerio-da-saude\/","title":{"rendered":"&#8216;Aborto ilegal n\u00e3o \u00e9 quest\u00e3o de sa\u00fade p\u00fablica&#8217;, diz secret\u00e1rio do Minist\u00e9rio da Sa\u00fade"},"content":{"rendered":"<div class=\"wp-block-image\">\n<figure class=\"aligncenter size-full\"><img loading=\"lazy\" decoding=\"async\" width=\"380\" height=\"280\" src=\"https:\/\/informebahia.com\/site\/wp-content\/uploads\/2022\/06\/IMAGEM_NOTICIA_5-1-19.jpg\" alt=\"\" class=\"wp-image-10945\" srcset=\"https:\/\/informebahia.com\/site\/wp-content\/uploads\/2022\/06\/IMAGEM_NOTICIA_5-1-19.jpg 380w, https:\/\/informebahia.com\/site\/wp-content\/uploads\/2022\/06\/IMAGEM_NOTICIA_5-1-19-300x221.jpg 300w, https:\/\/informebahia.com\/site\/wp-content\/uploads\/2022\/06\/IMAGEM_NOTICIA_5-1-19-80x60.jpg 80w\" sizes=\"auto, (max-width: 380px) 100vw, 380px\" \/><figcaption>Foto: Reprodu\u00e7\u00e3o \/ STF<\/figcaption><\/figure>\n<\/div>\n\n\n<p>O Minist\u00e9rio da Sa\u00fade realizar\u00e1 uma audi\u00eancia p\u00fablica, na pr\u00f3xima ter\u00e7a-feira (28), para discutir o conte\u00fado das diretrizes t\u00e9cnicas para preven\u00e7\u00e3o, avalia\u00e7\u00e3o e conduta de casos de abortos publicadas pela pasta no in\u00edcio do m\u00eas de junho.<\/p>\n\n\n\n<p>Segundo publica\u00e7\u00e3o do Metr\u00f3poles, parceiro do Bahia Not\u00edcias, a principal cr\u00edtica ao documento, feito para guiar os profissionais de sa\u00fade do SUS no atendimento \u00e0s mulheres, \u00e9 que ele dificulta o acesso das v\u00edtimas de viol\u00eancia sexual ao aborto permitido por lei.<\/p>\n\n\n\n<p>Ap\u00f3s as reclama\u00e7\u00f5es, o MS decidiu fazer a audi\u00eancia em formato h\u00edbrido. Em entrevista \u00e0 reportagem, o secret\u00e1rio de aten\u00e7\u00e3o prim\u00e1ria \u00e0 Sa\u00fade do Minist\u00e9rio da Sa\u00fade, Raphael C\u00e2mara, explica que a atualiza\u00e7\u00e3o do guia foi feita para adequar o documento \u00e0s novas evid\u00eancias cient\u00edficas e \u00e0 legisla\u00e7\u00e3o \u2014 a \u00faltima revis\u00e3o de orienta\u00e7\u00f5es tinha sido feita em 2011.<\/p>\n\n\n\n<p>&#8220;N\u00e3o \u00e9 comum que a popula\u00e7\u00e3o leia documentos t\u00e9cnicos, mas os profissionais t\u00eam que ser alertados sobre a lei vigente. Nas diretrizes anteriores, fazia-se praticamente uma descriminaliza\u00e7\u00e3o do aborto, que ia frontalmente contra a legisla\u00e7\u00e3o&#8221;, afirma C\u00e2mara.<\/p>\n\n\n\n<p>Ap\u00f3s a pol\u00eamica, o secret\u00e1rio admite a possibilidade de editar o documento, principalmente o trecho que sugere que a interrup\u00e7\u00e3o da gravidez deve ser precedida de uma investiga\u00e7\u00e3o policial.<\/p>\n\n\n\n<p>Conhecido por suas opini\u00f5es antiaborto, o m\u00e9dico defende que, a depender da idade gestacional, o procedimento ideal seria um parto, a fim de que a crian\u00e7a fosse encaminhada para a ado\u00e7\u00e3o. Segundo C\u00e2mara, levar a gravidez indesejada a termo n\u00e3o faria diferen\u00e7a para a mulher v\u00edtima de viol\u00eancia. O secret\u00e1rio afirma ainda que o aborto ilegal n\u00e3o deve ser considerado um problema de sa\u00fade p\u00fablica.<\/p>\n\n\n\n<p class=\"has-text-align-right\">*Bahia Not\u00edcias<\/p>\n","protected":false},"excerpt":{"rendered":"<p>O Minist\u00e9rio da Sa\u00fade realizar\u00e1 uma audi\u00eancia p\u00fablica, na pr\u00f3xima ter\u00e7a-feira (28), para discutir o conte\u00fado das diretrizes t\u00e9cnicas para preven\u00e7\u00e3o, avalia\u00e7\u00e3o e conduta de casos de abortos publicadas pela pasta no in\u00edcio do m\u00eas de junho. Segundo publica\u00e7\u00e3o do Metr\u00f3poles, parceiro do Bahia Not\u00edcias, a principal cr\u00edtica ao documento, feito para guiar os profissionais [&hellip;]<\/p>\n","protected":false},"author":2,"featured_media":10945,"comment_status":"closed","ping_status":"open","sticky":false,"template":"","format":"standard","meta":{"footnotes":""},"categories":[33],"tags":[],"class_list":["post-10936","post","type-post","status-publish","format-standard","has-post-thumbnail","hentry","category-geral"],"aioseo_notices":[],"_links":{"self":[{"href":"https:\/\/informebahia.com\/site\/wp-json\/wp\/v2\/posts\/10936","targetHints":{"allow":["GET"]}}],"collection":[{"href":"https:\/\/informebahia.com\/site\/wp-json\/wp\/v2\/posts"}],"about":[{"href":"https:\/\/informebahia.com\/site\/wp-json\/wp\/v2\/types\/post"}],"author":[{"embeddable":true,"href":"https:\/\/informebahia.com\/site\/wp-json\/wp\/v2\/users\/2"}],"replies":[{"embeddable":true,"href":"https:\/\/informebahia.com\/site\/wp-json\/wp\/v2\/comments?post=10936"}],"version-history":[{"count":1,"href":"https:\/\/informebahia.com\/site\/wp-json\/wp\/v2\/posts\/10936\/revisions"}],"predecessor-version":[{"id":10946,"href":"https:\/\/informebahia.com\/site\/wp-json\/wp\/v2\/posts\/10936\/revisions\/10946"}],"wp:featuredmedia":[{"embeddable":true,"href":"https:\/\/informebahia.com\/site\/wp-json\/wp\/v2\/media\/10945"}],"wp:attachment":[{"href":"https:\/\/informebahia.com\/site\/wp-json\/wp\/v2\/media?parent=10936"}],"wp:term":[{"taxonomy":"category","embeddable":true,"href":"https:\/\/informebahia.com\/site\/wp-json\/wp\/v2\/categories?post=10936"},{"taxonomy":"post_tag","embeddable":true,"href":"https:\/\/informebahia.com\/site\/wp-json\/wp\/v2\/tags?post=10936"}],"curies":[{"name":"wp","href":"https:\/\/api.w.org\/{rel}","templated":true}]}}