{"id":10952,"date":"2022-06-27T17:05:01","date_gmt":"2022-06-27T20:05:01","guid":{"rendered":"http:\/\/informebahia.com\/site\/?p=10952"},"modified":"2022-06-27T17:05:04","modified_gmt":"2022-06-27T20:05:04","slug":"rua-recem-pavimentada-pela-prefeitura-e-inaugurada-pelos-moradores-de-retirolandia","status":"publish","type":"post","link":"https:\/\/informebahia.com\/site\/2022\/06\/27\/rua-recem-pavimentada-pela-prefeitura-e-inaugurada-pelos-moradores-de-retirolandia\/","title":{"rendered":"Rua rec\u00e9m pavimentada pela prefeitura \u00e9 inaugurada pelos moradores de Retirol\u00e2ndia"},"content":{"rendered":"<div class=\"wp-block-image\">\n<figure class=\"aligncenter size-full\"><img loading=\"lazy\" decoding=\"async\" width=\"600\" height=\"409\" src=\"https:\/\/informebahia.com\/site\/wp-content\/uploads\/2022\/06\/290608713_376842847879685_2847990001980021518_n.jpg\" alt=\"\" class=\"wp-image-10953\" srcset=\"https:\/\/informebahia.com\/site\/wp-content\/uploads\/2022\/06\/290608713_376842847879685_2847990001980021518_n.jpg 600w, https:\/\/informebahia.com\/site\/wp-content\/uploads\/2022\/06\/290608713_376842847879685_2847990001980021518_n-300x205.jpg 300w, https:\/\/informebahia.com\/site\/wp-content\/uploads\/2022\/06\/290608713_376842847879685_2847990001980021518_n-218x150.jpg 218w\" sizes=\"auto, (max-width: 600px) 100vw, 600px\" \/><\/figure>\n<\/div>\n\n\n<p>Na manh\u00e3 deste domingo (26) os moradores, sob coordena\u00e7\u00e3o da senhora Adelmise dos Santos, mais conhecida como Irm\u00e3 Si, realizaram a inaugura\u00e7\u00e3o da Rua Jos\u00e9 Dion\u00edsio com apresenta\u00e7\u00e3o da Banda de Lata, que veio do munic\u00edpio de Queimadas, corte da fita e discurso.<\/p>\n\n\n<div class=\"wp-block-image\">\n<figure class=\"aligncenter size-full\"><img loading=\"lazy\" decoding=\"async\" width=\"600\" height=\"409\" src=\"https:\/\/informebahia.com\/site\/wp-content\/uploads\/2022\/06\/290124417_376843104546326_6671963038719515807_n.jpg\" alt=\"\" class=\"wp-image-10954\" srcset=\"https:\/\/informebahia.com\/site\/wp-content\/uploads\/2022\/06\/290124417_376843104546326_6671963038719515807_n.jpg 600w, https:\/\/informebahia.com\/site\/wp-content\/uploads\/2022\/06\/290124417_376843104546326_6671963038719515807_n-300x205.jpg 300w, https:\/\/informebahia.com\/site\/wp-content\/uploads\/2022\/06\/290124417_376843104546326_6671963038719515807_n-218x150.jpg 218w\" sizes=\"auto, (max-width: 600px) 100vw, 600px\" \/><\/figure>\n<\/div>\n\n\n<p>O Prefeito Vonte, Secret\u00e1rios Municipais e populares estiveram presentes prestigiando a iniciativa dos moradores.<\/p>\n\n\n\n<p>Segundo a Irm\u00e3 Si, o ato representa a gratid\u00e3o dos moradores pela pavimenta\u00e7\u00e3o, porque a rua estava sem pavimenta\u00e7\u00e3o h\u00e1 mais de 40 anos e todos os prefeitos que passaram receberam abaixo assinado dos moradores solicitando a pavimenta\u00e7\u00e3o e s\u00f3 agora na gest\u00e3o do Governo de Todos que o sonho se tornou realidade.<\/p>\n\n\n<div class=\"wp-block-image\">\n<figure class=\"aligncenter size-full\"><img loading=\"lazy\" decoding=\"async\" width=\"600\" height=\"409\" src=\"https:\/\/informebahia.com\/site\/wp-content\/uploads\/2022\/06\/290349187_376842947879675_448829333085059739_n.jpg\" alt=\"\" class=\"wp-image-10955\" srcset=\"https:\/\/informebahia.com\/site\/wp-content\/uploads\/2022\/06\/290349187_376842947879675_448829333085059739_n.jpg 600w, https:\/\/informebahia.com\/site\/wp-content\/uploads\/2022\/06\/290349187_376842947879675_448829333085059739_n-300x205.jpg 300w, https:\/\/informebahia.com\/site\/wp-content\/uploads\/2022\/06\/290349187_376842947879675_448829333085059739_n-218x150.jpg 218w\" sizes=\"auto, (max-width: 600px) 100vw, 600px\" \/><\/figure>\n<\/div>\n\n\n<p>A pavimenta\u00e7\u00e3o foi executada pela Prefeitura Municipal com recursos pr\u00f3prios.<\/p>\n\n\n\n<p class=\"has-text-align-right\">Secom\/PMR<\/p>\n","protected":false},"excerpt":{"rendered":"<p>Na manh\u00e3 deste domingo (26) os moradores, sob coordena\u00e7\u00e3o da senhora Adelmise dos Santos, mais conhecida como Irm\u00e3 Si, realizaram a inaugura\u00e7\u00e3o da Rua Jos\u00e9 Dion\u00edsio com apresenta\u00e7\u00e3o da Banda de Lata, que veio do munic\u00edpio de Queimadas, corte da fita e discurso. O Prefeito Vonte, Secret\u00e1rios Municipais e populares estiveram presentes prestigiando a iniciativa [&hellip;]<\/p>\n","protected":false},"author":2,"featured_media":10953,"comment_status":"closed","ping_status":"open","sticky":false,"template":"","format":"standard","meta":{"footnotes":""},"categories":[2],"tags":[],"class_list":["post-10952","post","type-post","status-publish","format-standard","has-post-thumbnail","hentry","category-destaq"],"aioseo_notices":[],"_links":{"self":[{"href":"https:\/\/informebahia.com\/site\/wp-json\/wp\/v2\/posts\/10952","targetHints":{"allow":["GET"]}}],"collection":[{"href":"https:\/\/informebahia.com\/site\/wp-json\/wp\/v2\/posts"}],"about":[{"href":"https:\/\/informebahia.com\/site\/wp-json\/wp\/v2\/types\/post"}],"author":[{"embeddable":true,"href":"https:\/\/informebahia.com\/site\/wp-json\/wp\/v2\/users\/2"}],"replies":[{"embeddable":true,"href":"https:\/\/informebahia.com\/site\/wp-json\/wp\/v2\/comments?post=10952"}],"version-history":[{"count":1,"href":"https:\/\/informebahia.com\/site\/wp-json\/wp\/v2\/posts\/10952\/revisions"}],"predecessor-version":[{"id":10956,"href":"https:\/\/informebahia.com\/site\/wp-json\/wp\/v2\/posts\/10952\/revisions\/10956"}],"wp:featuredmedia":[{"embeddable":true,"href":"https:\/\/informebahia.com\/site\/wp-json\/wp\/v2\/media\/10953"}],"wp:attachment":[{"href":"https:\/\/informebahia.com\/site\/wp-json\/wp\/v2\/media?parent=10952"}],"wp:term":[{"taxonomy":"category","embeddable":true,"href":"https:\/\/informebahia.com\/site\/wp-json\/wp\/v2\/categories?post=10952"},{"taxonomy":"post_tag","embeddable":true,"href":"https:\/\/informebahia.com\/site\/wp-json\/wp\/v2\/tags?post=10952"}],"curies":[{"name":"wp","href":"https:\/\/api.w.org\/{rel}","templated":true}]}}