{"id":10967,"date":"2022-06-27T18:38:12","date_gmt":"2022-06-27T21:38:12","guid":{"rendered":"http:\/\/informebahia.com\/site\/?p=10967"},"modified":"2022-06-27T18:38:15","modified_gmt":"2022-06-27T21:38:15","slug":"marcio-victor-realiza-arrastao-do-psi-no-engenho-velho-de-brotas-e-celebra-samba-junino","status":"publish","type":"post","link":"https:\/\/informebahia.com\/site\/2022\/06\/27\/marcio-victor-realiza-arrastao-do-psi-no-engenho-velho-de-brotas-e-celebra-samba-junino\/","title":{"rendered":"M\u00e1rcio Victor realiza \u2018Arrast\u00e3o do Psi\u2019 no Engenho Velho de Brotas e celebra Samba Junino"},"content":{"rendered":"<div class=\"wp-block-image\">\n<figure class=\"aligncenter size-full is-resized\"><img loading=\"lazy\" decoding=\"async\" src=\"https:\/\/informebahia.com\/site\/wp-content\/uploads\/2022\/06\/IMAGEM_NOTICIA_5-1-20.jpg\" alt=\"\" class=\"wp-image-10976\" width=\"381\" height=\"281\" srcset=\"https:\/\/informebahia.com\/site\/wp-content\/uploads\/2022\/06\/IMAGEM_NOTICIA_5-1-20.jpg 380w, https:\/\/informebahia.com\/site\/wp-content\/uploads\/2022\/06\/IMAGEM_NOTICIA_5-1-20-300x221.jpg 300w, https:\/\/informebahia.com\/site\/wp-content\/uploads\/2022\/06\/IMAGEM_NOTICIA_5-1-20-80x60.jpg 80w\" sizes=\"auto, (max-width: 381px) 100vw, 381px\" \/><figcaption>Foto: Divulga\u00e7\u00e3o<\/figcaption><\/figure>\n<\/div>\n\n\n<p>O cantor M\u00e1rcio Victor levar\u00e1 o \u201cArrast\u00e3o do Psi\u201d para o Engenho Velho de Brotas na noite desta ter\u00e7a-feira (28) para celebrar o tradicional Samba Junino.<\/p>\n\n\n\n<p>\u201cDesde crian\u00e7a participava de quadrilhas, pois meus tios cantavam e eu tocava com eles\u201d, relembra M\u00e1rcio com carinho.<\/p>\n\n\n\n<p><br>\u201c\u00c9 um momento massa demais na comunidade! As pessoas ficam mais pr\u00f3ximas e abrem as suas casas para os grupos de samba, fazendo uma festa junina diferente, e confraternizando com muita m\u00fasica e anima\u00e7\u00e3o. Vai ser ainda mais especial depois dessa pausa de dois anos. Vamos matar a saudade!\u201d, afirmou o artista.&nbsp;<\/p>\n\n\n\n<p>O movimento Samba Junino \u00e9 considerado patrim\u00f4nio cultural de Salvador pela Funda\u00e7\u00e3o Greg\u00f3rio de Matos desde 2018 e M\u00e1rcio comemora o aumento da visibilidade nos \u00faltimos anos.&nbsp;<\/p>\n\n\n\n<p>\u201cA expectativa para este ano \u00e9 a melhor poss\u00edvel! Espero as ruas lotadas de pessoas que amam essa cultura, que conhe\u00e7am as m\u00fasicas, que n\u00e3o s\u00e3o tocadas em r\u00e1dio, mas que s\u00e3o passadas de gera\u00e7\u00e3o em gera\u00e7\u00e3o\u201d, destacou M\u00e1rcio Victor.&nbsp;<\/p>\n\n\n\n<p>O vocalista da banda Psirico ainda conta que este ano foi consolidada uma premia\u00e7\u00e3o de Rei do Samba Junino \u00e0 Ninha, ex-cantor da Timbalada, e tio do artista. \u201cO grupo Uni\u00e3o que \u00e9 pioneiro do movimento tamb\u00e9m est\u00e1 com muito mais visibilidade, e isso me deixa muito orgulhoso. Espero que mais grupos se manifestem de agora em diante para fortalecer ainda mais este movimento\u201d, finaliza o cantor.<\/p>\n\n\n\n<p><br>A sa\u00edda est\u00e1 marcada para acontecer \u00e0s 19h, e a concentra\u00e7\u00e3o ser\u00e1 no Supermercado Nova Ondina. Na ocasi\u00e3o, ser\u00e1 gravado um CD especial de Samba Junino que em breve estar\u00e1 dispon\u00edvel nas plataformas digitais.<\/p>\n\n\n\n<p class=\"has-text-align-right\">*Bahia Not\u00edcias<\/p>\n","protected":false},"excerpt":{"rendered":"<p>O cantor M\u00e1rcio Victor levar\u00e1 o \u201cArrast\u00e3o do Psi\u201d para o Engenho Velho de Brotas na noite desta ter\u00e7a-feira (28) para celebrar o tradicional Samba Junino. \u201cDesde crian\u00e7a participava de quadrilhas, pois meus tios cantavam e eu tocava com eles\u201d, relembra M\u00e1rcio com carinho. \u201c\u00c9 um momento massa demais na comunidade! As pessoas ficam mais [&hellip;]<\/p>\n","protected":false},"author":2,"featured_media":10976,"comment_status":"closed","ping_status":"open","sticky":false,"template":"","format":"standard","meta":{"footnotes":""},"categories":[33],"tags":[],"class_list":["post-10967","post","type-post","status-publish","format-standard","has-post-thumbnail","hentry","category-geral"],"aioseo_notices":[],"_links":{"self":[{"href":"https:\/\/informebahia.com\/site\/wp-json\/wp\/v2\/posts\/10967","targetHints":{"allow":["GET"]}}],"collection":[{"href":"https:\/\/informebahia.com\/site\/wp-json\/wp\/v2\/posts"}],"about":[{"href":"https:\/\/informebahia.com\/site\/wp-json\/wp\/v2\/types\/post"}],"author":[{"embeddable":true,"href":"https:\/\/informebahia.com\/site\/wp-json\/wp\/v2\/users\/2"}],"replies":[{"embeddable":true,"href":"https:\/\/informebahia.com\/site\/wp-json\/wp\/v2\/comments?post=10967"}],"version-history":[{"count":1,"href":"https:\/\/informebahia.com\/site\/wp-json\/wp\/v2\/posts\/10967\/revisions"}],"predecessor-version":[{"id":10977,"href":"https:\/\/informebahia.com\/site\/wp-json\/wp\/v2\/posts\/10967\/revisions\/10977"}],"wp:featuredmedia":[{"embeddable":true,"href":"https:\/\/informebahia.com\/site\/wp-json\/wp\/v2\/media\/10976"}],"wp:attachment":[{"href":"https:\/\/informebahia.com\/site\/wp-json\/wp\/v2\/media?parent=10967"}],"wp:term":[{"taxonomy":"category","embeddable":true,"href":"https:\/\/informebahia.com\/site\/wp-json\/wp\/v2\/categories?post=10967"},{"taxonomy":"post_tag","embeddable":true,"href":"https:\/\/informebahia.com\/site\/wp-json\/wp\/v2\/tags?post=10967"}],"curies":[{"name":"wp","href":"https:\/\/api.w.org\/{rel}","templated":true}]}}