{"id":11129,"date":"2022-07-02T22:59:38","date_gmt":"2022-07-03T01:59:38","guid":{"rendered":"http:\/\/informebahia.com\/site\/?p=11129"},"modified":"2022-07-02T22:59:42","modified_gmt":"2022-07-03T01:59:42","slug":"bahia-de-feira-vence-a-caldense-e-assume-a-lideranca-do-grupo-6-na-serie-d","status":"publish","type":"post","link":"https:\/\/informebahia.com\/site\/2022\/07\/02\/bahia-de-feira-vence-a-caldense-e-assume-a-lideranca-do-grupo-6-na-serie-d\/","title":{"rendered":"Bahia de Feira vence a Caldense e assume a lideran\u00e7a do Grupo 6 na S\u00e9rie D"},"content":{"rendered":"<div class=\"wp-block-image\">\n<figure class=\"aligncenter size-full\"><img loading=\"lazy\" decoding=\"async\" width=\"500\" height=\"332\" src=\"https:\/\/informebahia.com\/site\/wp-content\/uploads\/2022\/07\/cats.jpg\" alt=\"\" class=\"wp-image-11130\" srcset=\"https:\/\/informebahia.com\/site\/wp-content\/uploads\/2022\/07\/cats.jpg 500w, https:\/\/informebahia.com\/site\/wp-content\/uploads\/2022\/07\/cats-300x199.jpg 300w\" sizes=\"auto, (max-width: 500px) 100vw, 500px\" \/><figcaption>Foto: Renan Muniz\/ Caldense<\/figcaption><\/figure>\n<\/div>\n\n\n<p>O Bahia de Feira venceu a Caldense por 1 a 0 na tarde deste s\u00e1bado (2) e assumiu a lideran\u00e7a do Grupo 6 da S\u00e9rie D do Campeonato Brasileiro.<\/p>\n\n\n\n<p>O \u00fanico gol da partida foi marcado pelo atacante Janderson, aos 42 do 1\u00ba tempo.<\/p>\n\n\n\n<p>J\u00e1 eliminada na competi\u00e7\u00e3o, a Caldense sofreu sua s\u00e9tima derrota consecutiva, a d\u00e9cima na S\u00e9rie D, sem nenhuma vit\u00f3ria, nesta que j\u00e1 \u00e9 a pior campanha da Veterana desde que come\u00e7ou a disputar a competi\u00e7\u00e3o em 2015. A Caldense segue na lanterna do Grupo 6 com 2 pontos ganhos.<\/p>\n\n\n\n<p>Na pr\u00f3xima rodada, a Caldense recebe o Real Noroeste no Ronald\u00e3o no s\u00e1bado (9), \u00e0s 16h. J\u00e1 o Bahia de Feira vai a Araraquara no mesmo dia, s\u00f3 que \u00e0s 17h, para enfrentar a Ferrovi\u00e1ria.<\/p>\n\n\n\n<p class=\"has-text-align-right\">*Globo Esporte<\/p>\n","protected":false},"excerpt":{"rendered":"<p>O Bahia de Feira venceu a Caldense por 1 a 0 na tarde deste s\u00e1bado (2) e assumiu a lideran\u00e7a do Grupo 6 da S\u00e9rie D do Campeonato Brasileiro. O \u00fanico gol da partida foi marcado pelo atacante Janderson, aos 42 do 1\u00ba tempo. J\u00e1 eliminada na competi\u00e7\u00e3o, a Caldense sofreu sua s\u00e9tima derrota consecutiva, [&hellip;]<\/p>\n","protected":false},"author":2,"featured_media":11130,"comment_status":"closed","ping_status":"open","sticky":false,"template":"","format":"standard","meta":{"footnotes":""},"categories":[20],"tags":[],"class_list":["post-11129","post","type-post","status-publish","format-standard","has-post-thumbnail","hentry","category-esporte"],"aioseo_notices":[],"_links":{"self":[{"href":"https:\/\/informebahia.com\/site\/wp-json\/wp\/v2\/posts\/11129","targetHints":{"allow":["GET"]}}],"collection":[{"href":"https:\/\/informebahia.com\/site\/wp-json\/wp\/v2\/posts"}],"about":[{"href":"https:\/\/informebahia.com\/site\/wp-json\/wp\/v2\/types\/post"}],"author":[{"embeddable":true,"href":"https:\/\/informebahia.com\/site\/wp-json\/wp\/v2\/users\/2"}],"replies":[{"embeddable":true,"href":"https:\/\/informebahia.com\/site\/wp-json\/wp\/v2\/comments?post=11129"}],"version-history":[{"count":1,"href":"https:\/\/informebahia.com\/site\/wp-json\/wp\/v2\/posts\/11129\/revisions"}],"predecessor-version":[{"id":11131,"href":"https:\/\/informebahia.com\/site\/wp-json\/wp\/v2\/posts\/11129\/revisions\/11131"}],"wp:featuredmedia":[{"embeddable":true,"href":"https:\/\/informebahia.com\/site\/wp-json\/wp\/v2\/media\/11130"}],"wp:attachment":[{"href":"https:\/\/informebahia.com\/site\/wp-json\/wp\/v2\/media?parent=11129"}],"wp:term":[{"taxonomy":"category","embeddable":true,"href":"https:\/\/informebahia.com\/site\/wp-json\/wp\/v2\/categories?post=11129"},{"taxonomy":"post_tag","embeddable":true,"href":"https:\/\/informebahia.com\/site\/wp-json\/wp\/v2\/tags?post=11129"}],"curies":[{"name":"wp","href":"https:\/\/api.w.org\/{rel}","templated":true}]}}