{"id":11133,"date":"2022-07-03T09:42:44","date_gmt":"2022-07-03T12:42:44","guid":{"rendered":"http:\/\/informebahia.com\/site\/?p=11133"},"modified":"2022-07-03T09:42:50","modified_gmt":"2022-07-03T12:42:50","slug":"rodrigo-pastana-diz-sim-ao-guarani-e-deixa-o-vitoria","status":"publish","type":"post","link":"https:\/\/informebahia.com\/site\/2022\/07\/03\/rodrigo-pastana-diz-sim-ao-guarani-e-deixa-o-vitoria\/","title":{"rendered":"Rodrigo Pastana diz sim ao Guarani e deixa o Vit\u00f3ria"},"content":{"rendered":"<div class=\"wp-block-image\">\n<figure class=\"aligncenter size-full\"><img loading=\"lazy\" decoding=\"async\" width=\"380\" height=\"280\" src=\"https:\/\/informebahia.com\/site\/wp-content\/uploads\/2022\/07\/IMAGEM_VITORIA_5-1.jpg\" alt=\"\" class=\"wp-image-11139\" srcset=\"https:\/\/informebahia.com\/site\/wp-content\/uploads\/2022\/07\/IMAGEM_VITORIA_5-1.jpg 380w, https:\/\/informebahia.com\/site\/wp-content\/uploads\/2022\/07\/IMAGEM_VITORIA_5-1-300x221.jpg 300w, https:\/\/informebahia.com\/site\/wp-content\/uploads\/2022\/07\/IMAGEM_VITORIA_5-1-80x60.jpg 80w\" sizes=\"auto, (max-width: 380px) 100vw, 380px\" \/><figcaption>Foto: Pietro Carpi\/ Vit\u00f3ria<\/figcaption><\/figure>\n<\/div>\n\n\n<p>Rodrigo Pastana n\u00e3o \u00e9 mais diretor de futebol do Vit\u00f3ria. O dirigente aceitou uma proposta do Guarani, clube que disputa a S\u00e9rie B.<\/p>\n\n\n\n<p>Desde a semana passada, a ida de Pastana para o Guarani j\u00e1 estava sacramentada, apesar da negativa do dirigente e da pr\u00f3pria diretoria do Vit\u00f3ria.<\/p>\n\n\n\n<p>Pastana desembarcou no Vit\u00f3ria no fim de abril e foi respons\u00e1vel pelas contrata\u00e7\u00f5es de dois t\u00e9cnicos: Fabiano Soares, desligado semana retrasada, e Jo\u00e3o Burse, atual treinador. Ele tamb\u00e9m conduziu as negocia\u00e7\u00f5es com Dalton, Foguinho, Rafinha, Danilo Cardoso, Rodrig\u00e3o e Gabriel Hon\u00f3rio, al\u00e9m de Thallyson e Jarro Pedroso, que ainda ser\u00e3o anunciados oficialmente pelo clube.<\/p>\n\n\n\n<p class=\"has-text-align-right\">*Bahia Not\u00edcias<\/p>\n","protected":false},"excerpt":{"rendered":"<p>Rodrigo Pastana n\u00e3o \u00e9 mais diretor de futebol do Vit\u00f3ria. O dirigente aceitou uma proposta do Guarani, clube que disputa a S\u00e9rie B. Desde a semana passada, a ida de Pastana para o Guarani j\u00e1 estava sacramentada, apesar da negativa do dirigente e da pr\u00f3pria diretoria do Vit\u00f3ria. Pastana desembarcou no Vit\u00f3ria no fim de [&hellip;]<\/p>\n","protected":false},"author":2,"featured_media":11139,"comment_status":"closed","ping_status":"open","sticky":false,"template":"","format":"standard","meta":{"footnotes":""},"categories":[20],"tags":[],"class_list":["post-11133","post","type-post","status-publish","format-standard","has-post-thumbnail","hentry","category-esporte"],"aioseo_notices":[],"_links":{"self":[{"href":"https:\/\/informebahia.com\/site\/wp-json\/wp\/v2\/posts\/11133","targetHints":{"allow":["GET"]}}],"collection":[{"href":"https:\/\/informebahia.com\/site\/wp-json\/wp\/v2\/posts"}],"about":[{"href":"https:\/\/informebahia.com\/site\/wp-json\/wp\/v2\/types\/post"}],"author":[{"embeddable":true,"href":"https:\/\/informebahia.com\/site\/wp-json\/wp\/v2\/users\/2"}],"replies":[{"embeddable":true,"href":"https:\/\/informebahia.com\/site\/wp-json\/wp\/v2\/comments?post=11133"}],"version-history":[{"count":1,"href":"https:\/\/informebahia.com\/site\/wp-json\/wp\/v2\/posts\/11133\/revisions"}],"predecessor-version":[{"id":11140,"href":"https:\/\/informebahia.com\/site\/wp-json\/wp\/v2\/posts\/11133\/revisions\/11140"}],"wp:featuredmedia":[{"embeddable":true,"href":"https:\/\/informebahia.com\/site\/wp-json\/wp\/v2\/media\/11139"}],"wp:attachment":[{"href":"https:\/\/informebahia.com\/site\/wp-json\/wp\/v2\/media?parent=11133"}],"wp:term":[{"taxonomy":"category","embeddable":true,"href":"https:\/\/informebahia.com\/site\/wp-json\/wp\/v2\/categories?post=11133"},{"taxonomy":"post_tag","embeddable":true,"href":"https:\/\/informebahia.com\/site\/wp-json\/wp\/v2\/tags?post=11133"}],"curies":[{"name":"wp","href":"https:\/\/api.w.org\/{rel}","templated":true}]}}