{"id":11195,"date":"2022-07-04T17:05:02","date_gmt":"2022-07-04T20:05:02","guid":{"rendered":"http:\/\/informebahia.com\/site\/?p=11195"},"modified":"2022-07-04T17:05:05","modified_gmt":"2022-07-04T20:05:05","slug":"delegacia-de-coite-registra-aumento-de-50-em-numero-de-homicidios-no-primeiro-semestre-de-2022","status":"publish","type":"post","link":"https:\/\/informebahia.com\/site\/2022\/07\/04\/delegacia-de-coite-registra-aumento-de-50-em-numero-de-homicidios-no-primeiro-semestre-de-2022\/","title":{"rendered":"Delegacia de Coit\u00e9 registra aumento de 50% em n\u00famero de homic\u00eddios no primeiro semestre de 2022\u00a0"},"content":{"rendered":"<div class=\"wp-block-image\">\n<figure class=\"aligncenter size-full\"><img loading=\"lazy\" decoding=\"async\" width=\"550\" height=\"343\" src=\"https:\/\/informebahia.com\/site\/wp-content\/uploads\/2020\/12\/delegacia_coite.jpg\" alt=\"\" class=\"wp-image-5355\" srcset=\"https:\/\/informebahia.com\/site\/wp-content\/uploads\/2020\/12\/delegacia_coite.jpg 550w, https:\/\/informebahia.com\/site\/wp-content\/uploads\/2020\/12\/delegacia_coite-300x187.jpg 300w\" sizes=\"auto, (max-width: 550px) 100vw, 550px\" \/><figcaption>Foto: Reprodu\u00e7\u00e3o\/Redes Sociais<\/figcaption><\/figure>\n<\/div>\n\n\n<p>A Delegacia de Pol\u00edcia de Concei\u00e7\u00e3o do Coit\u00e9 registrou neste primeiro semestre 15 homic\u00eddios, algo considerado \u2018fora da curva\u2019 em rela\u00e7\u00e3o aos \u00faltimos cinco anos, quando variou de 9 a 10 mortes violentas nos primeiros seis meses do ano.\u00a0 N\u00fameros superam 2017 quando foram registradas 14 mortes no primeiro semestre.<\/p>\n\n\n\n<p>O Calila Not\u00edcias tem feito este tipo de levantamento desde 2014 e concluiu que a quantidade de homic\u00eddios no munic\u00edpio nos primeiros seis meses \u00e9 sempre menor que o segundo semestre, neste caso, acende-se um alerta para que daqui pra frente n\u00e3o venha superar esses n\u00fameros mais recentes, que j\u00e1 teve aumento de 40% em rela\u00e7\u00e3o a janeiro e junho de 2021.<\/p>\n\n\n\n<p>Em 2021 de janeiro a junho foram registrados 10 homic\u00eddios e de julho a dezembro 16 assassinatos.<\/p>\n\n\n\n<p>Ainda em refer\u00eancia a este primeiro semestre de 2022, importante ressaltar que dois homens mortos foram sequestrados em casa e horas depois encontrados mortos em outros munic\u00edpios n\u00e3o s\u00e3o contabilizados como sendo homic\u00eddios em Coit\u00e9, entra nas estat\u00edsticas das delegacias territoriais de onde os corpos foram encontrados.<\/p>\n\n\n\n<p>Houve neste per\u00edodo tamb\u00e9m dois Auto de Resist\u00eancia (AR) suspeitos que trocaram tiros com a Pol\u00edcia e n\u00e3o aparecem na rela\u00e7\u00e3o de homic\u00eddios.<\/p>\n\n\n\n<p>O crime que mais chocou a popula\u00e7\u00e3o\u00a0teve como autor\u00a0um policial militar\u00a0que estava de folga e com sinais de embriaguez, matou um frentista e deixa outro ferido<strong>,<\/strong>\u00a0este chegou a ficar hospitalizado mas n\u00e3o resistiu.<\/p>\n\n\n\n<p>O CN n\u00e3o consegui n\u00fameros exatos dos crimes elucidados, sabe que o PM que atirou contra os frentistas que estavam em sua companhia, tinham lhe dado carona antes dos disparos, recebeu voz de pris\u00e3o no local dos disparos.<\/p>\n\n\n\n<p>Outro caso elucidado diz respeito a um homem que matou seu ex-cunhado a golpes de faca na zona rural de Coit\u00e9, este se apresentou a Delegacia ap\u00f3s passar o per\u00edodo de flagrante e foi liberado ap\u00f3s audi\u00eancia de cust\u00f3dia. Ele respondia em liberdade quando teve a casa invadida e acabou sendo morto.\u00a0<\/p>\n\n\n\n<p>Dos 14 homic\u00eddios, 6 ocorreram ap\u00f3s as v\u00edtimas terem a casa invadida. Em um desses epis\u00f3dios haviam tr\u00eas dentro de uma resid\u00eancia na \u00e1rea rural do munic\u00edpio, um foi morto no local, dois sequestrados e posteriormente encontrados, um morto e outro ferido na zona rural de Gavi\u00e3o, cerca de 65 km de Coit\u00e9.<\/p>\n\n\n\n<p>O jovem que sobreviveu foi executado depois de ter a casa invadida cerca de dois meses depois.\u00a0<\/p>\n\n\n\n<p><strong>Homic\u00eddios nestes primeiros seis meses&nbsp;<\/strong><\/p>\n\n\n\n<p>JAN \u2013 2<\/p>\n\n\n\n<p>FEV \u2013 1<\/p>\n\n\n\n<p>MAR \u2013 2<\/p>\n\n\n\n<p class=\"has-text-align-right\">Via Calila Noticias<\/p>\n","protected":false},"excerpt":{"rendered":"<p>A Delegacia de Pol\u00edcia de Concei\u00e7\u00e3o do Coit\u00e9 registrou neste primeiro semestre 15 homic\u00eddios, algo considerado \u2018fora da curva\u2019 em rela\u00e7\u00e3o aos \u00faltimos cinco anos, quando variou de 9 a 10 mortes violentas nos primeiros seis meses do ano.\u00a0 N\u00fameros superam 2017 quando foram registradas 14 mortes no primeiro semestre. O Calila Not\u00edcias tem feito [&hellip;]<\/p>\n","protected":false},"author":2,"featured_media":5355,"comment_status":"closed","ping_status":"open","sticky":false,"template":"","format":"standard","meta":{"footnotes":""},"categories":[26],"tags":[],"class_list":["post-11195","post","type-post","status-publish","format-standard","has-post-thumbnail","hentry","category-fatospolicias"],"aioseo_notices":[],"_links":{"self":[{"href":"https:\/\/informebahia.com\/site\/wp-json\/wp\/v2\/posts\/11195","targetHints":{"allow":["GET"]}}],"collection":[{"href":"https:\/\/informebahia.com\/site\/wp-json\/wp\/v2\/posts"}],"about":[{"href":"https:\/\/informebahia.com\/site\/wp-json\/wp\/v2\/types\/post"}],"author":[{"embeddable":true,"href":"https:\/\/informebahia.com\/site\/wp-json\/wp\/v2\/users\/2"}],"replies":[{"embeddable":true,"href":"https:\/\/informebahia.com\/site\/wp-json\/wp\/v2\/comments?post=11195"}],"version-history":[{"count":1,"href":"https:\/\/informebahia.com\/site\/wp-json\/wp\/v2\/posts\/11195\/revisions"}],"predecessor-version":[{"id":11196,"href":"https:\/\/informebahia.com\/site\/wp-json\/wp\/v2\/posts\/11195\/revisions\/11196"}],"wp:featuredmedia":[{"embeddable":true,"href":"https:\/\/informebahia.com\/site\/wp-json\/wp\/v2\/media\/5355"}],"wp:attachment":[{"href":"https:\/\/informebahia.com\/site\/wp-json\/wp\/v2\/media?parent=11195"}],"wp:term":[{"taxonomy":"category","embeddable":true,"href":"https:\/\/informebahia.com\/site\/wp-json\/wp\/v2\/categories?post=11195"},{"taxonomy":"post_tag","embeddable":true,"href":"https:\/\/informebahia.com\/site\/wp-json\/wp\/v2\/tags?post=11195"}],"curies":[{"name":"wp","href":"https:\/\/api.w.org\/{rel}","templated":true}]}}