{"id":11197,"date":"2022-07-04T17:16:01","date_gmt":"2022-07-04T20:16:01","guid":{"rendered":"http:\/\/informebahia.com\/site\/?p=11197"},"modified":"2022-07-04T17:16:04","modified_gmt":"2022-07-04T20:16:04","slug":"aviao-cai-com-dois-ocupantes-no-interior-da-bahia","status":"publish","type":"post","link":"https:\/\/informebahia.com\/site\/2022\/07\/04\/aviao-cai-com-dois-ocupantes-no-interior-da-bahia\/","title":{"rendered":"Avi\u00e3o cai com dois ocupantes no interior da Bahia"},"content":{"rendered":"<div class=\"wp-block-image\">\n<figure class=\"aligncenter size-full\"><img loading=\"lazy\" decoding=\"async\" width=\"550\" height=\"347\" src=\"https:\/\/informebahia.com\/site\/wp-content\/uploads\/2022\/07\/cats-2.jpg\" alt=\"\" class=\"wp-image-11198\" srcset=\"https:\/\/informebahia.com\/site\/wp-content\/uploads\/2022\/07\/cats-2.jpg 550w, https:\/\/informebahia.com\/site\/wp-content\/uploads\/2022\/07\/cats-2-300x189.jpg 300w\" sizes=\"auto, (max-width: 550px) 100vw, 550px\" \/><figcaption>Foto: Reprodu\u00e7\u00e3o\/Bahia10<\/figcaption><\/figure>\n<\/div>\n\n\n<p>Um avi\u00e3o de pequeno porte caiu na manh\u00e3 desta segunda-feira (4) na cidade de\u00a0Ruy Barbosa, a cerca de 320 quil\u00f4metros de Salvador, segundo informa\u00e7\u00f5es da Defesa Civil do munic\u00edpio. Apesar do susto, ningu\u00e9m ficou ferido.<\/p>\n\n\n\n<p>Segundo o coordenador da Defesa Civil, Artur Francelino, o \u00f3rg\u00e3o municipal foi acionado para a ocorr\u00eancia e, ao chegar no local, o piloto alegou que a h\u00e9lice havia quebrado.<\/p>\n\n\n\n<p>&#8220;Ele fez um pouso for\u00e7ado e capotou a aeronave. Tinham duas pessoas [no avi\u00e3o], mas n\u00e3o houve nada, n\u00e3o. N\u00e3o h\u00e1 nenhuma v\u00edtima&#8221;, explicou.<\/p>\n\n\n\n<p>O avi\u00e3o saiu da cidade de S\u00e3o Sebasti\u00e3o do Pass\u00e9, na regi\u00e3o metropolitana de Salvador, e tinha como destino\u00a0Ibotirama, no oeste do estado.<\/p>\n\n\n\n<p>A aeronave ficou destru\u00edda com o teto no ch\u00e3o e as rodas para cima. O avi\u00e3o come\u00e7ou a ser retirado do local no in\u00edcio da tarde desta segunda-feira, por um guincho particular.<\/p>\n\n\n\n<p class=\"has-text-align-right\">Via G1 Bahia<\/p>\n","protected":false},"excerpt":{"rendered":"<p>Um avi\u00e3o de pequeno porte caiu na manh\u00e3 desta segunda-feira (4) na cidade de\u00a0Ruy Barbosa, a cerca de 320 quil\u00f4metros de Salvador, segundo informa\u00e7\u00f5es da Defesa Civil do munic\u00edpio. Apesar do susto, ningu\u00e9m ficou ferido. Segundo o coordenador da Defesa Civil, Artur Francelino, o \u00f3rg\u00e3o municipal foi acionado para a ocorr\u00eancia e, ao chegar no [&hellip;]<\/p>\n","protected":false},"author":2,"featured_media":11198,"comment_status":"closed","ping_status":"open","sticky":false,"template":"","format":"standard","meta":{"footnotes":""},"categories":[33],"tags":[],"class_list":["post-11197","post","type-post","status-publish","format-standard","has-post-thumbnail","hentry","category-geral"],"aioseo_notices":[],"_links":{"self":[{"href":"https:\/\/informebahia.com\/site\/wp-json\/wp\/v2\/posts\/11197","targetHints":{"allow":["GET"]}}],"collection":[{"href":"https:\/\/informebahia.com\/site\/wp-json\/wp\/v2\/posts"}],"about":[{"href":"https:\/\/informebahia.com\/site\/wp-json\/wp\/v2\/types\/post"}],"author":[{"embeddable":true,"href":"https:\/\/informebahia.com\/site\/wp-json\/wp\/v2\/users\/2"}],"replies":[{"embeddable":true,"href":"https:\/\/informebahia.com\/site\/wp-json\/wp\/v2\/comments?post=11197"}],"version-history":[{"count":1,"href":"https:\/\/informebahia.com\/site\/wp-json\/wp\/v2\/posts\/11197\/revisions"}],"predecessor-version":[{"id":11199,"href":"https:\/\/informebahia.com\/site\/wp-json\/wp\/v2\/posts\/11197\/revisions\/11199"}],"wp:featuredmedia":[{"embeddable":true,"href":"https:\/\/informebahia.com\/site\/wp-json\/wp\/v2\/media\/11198"}],"wp:attachment":[{"href":"https:\/\/informebahia.com\/site\/wp-json\/wp\/v2\/media?parent=11197"}],"wp:term":[{"taxonomy":"category","embeddable":true,"href":"https:\/\/informebahia.com\/site\/wp-json\/wp\/v2\/categories?post=11197"},{"taxonomy":"post_tag","embeddable":true,"href":"https:\/\/informebahia.com\/site\/wp-json\/wp\/v2\/tags?post=11197"}],"curies":[{"name":"wp","href":"https:\/\/api.w.org\/{rel}","templated":true}]}}