{"id":11212,"date":"2022-07-05T15:02:18","date_gmt":"2022-07-05T18:02:18","guid":{"rendered":"http:\/\/informebahia.com\/site\/?p=11212"},"modified":"2022-07-05T15:02:22","modified_gmt":"2022-07-05T18:02:22","slug":"diretor-da-juazeirense-celebra-campanha-no-baiano-sub-20-e-vaga-na-copa-sao-paulo-2023","status":"publish","type":"post","link":"https:\/\/informebahia.com\/site\/2022\/07\/05\/diretor-da-juazeirense-celebra-campanha-no-baiano-sub-20-e-vaga-na-copa-sao-paulo-2023\/","title":{"rendered":"Diretor da Juazeirense celebra campanha no Baiano Sub-20 e vaga na Copa S\u00e3o Paulo 2023"},"content":{"rendered":"<div class=\"wp-block-image\">\n<figure class=\"aligncenter size-full\"><img loading=\"lazy\" decoding=\"async\" width=\"380\" height=\"280\" src=\"https:\/\/informebahia.com\/site\/wp-content\/uploads\/2022\/07\/IMAGEM_NOTICIA_5-8.jpg\" alt=\"\" class=\"wp-image-11217\" srcset=\"https:\/\/informebahia.com\/site\/wp-content\/uploads\/2022\/07\/IMAGEM_NOTICIA_5-8.jpg 380w, https:\/\/informebahia.com\/site\/wp-content\/uploads\/2022\/07\/IMAGEM_NOTICIA_5-8-300x221.jpg 300w, https:\/\/informebahia.com\/site\/wp-content\/uploads\/2022\/07\/IMAGEM_NOTICIA_5-8-80x60.jpg 80w\" sizes=\"auto, (max-width: 380px) 100vw, 380px\" \/><figcaption>Foto: Glauber Guerra \/ Bahia Not\u00edcias<\/figcaption><\/figure>\n<\/div>\n\n\n<p>O diretor das divis\u00f5es de base da Juazeirense, Randerson Leal, celebrou a boa campanha da equipe sub-20 no Campeonato Baiano da categoria. A garotada do Canc\u00e3o de Fogo terminou a competi\u00e7\u00e3o na terceira coloca\u00e7\u00e3o geral e ficou com uma das vagas do estado na Copa S\u00e3o Paulo de Futebol J\u00fanior de 2023.<\/p>\n\n\n\n<p>&#8220;\u00c9 uma felicidade grande, estamos orgulhosos do nosso elenco sub-20, do sub-17, sub-15 que comp\u00f5em as divis\u00f5es de base da Juazeirense. Do presidente, o deputado Roberto Carlos que d\u00e1 condi\u00e7\u00e3o para que a gente possa fazer o trabalho dando oportunidades a esses garotos para terem visibilidade. Ao nosso grande companheiro e parceiro Tib\u00farcio. Toda a diretoria est\u00e1 muito feliz e contente. Esperamos que seja a primeira de muitas conquistas das divis\u00f5es de base da Juazeirense. Vamos forte para a Copa S\u00e3o Paulo para que a gente possa representar bem a Bahia e, quem sabe, beliscar alguma coisa al\u00e9m da classifica\u00e7\u00e3o para a Copa S\u00e3o Paulo&#8221;, celebrou em entrevista ao Bahia Not\u00edcias.<\/p>\n\n\n\n<p>O dirigente confessou que o clube ainda est\u00e1 em modo &#8220;festa&#8221; e ainda n\u00e3o sentou para discutir o planejamento para a Copinha. No entanto, ele j\u00e1 antecipou o clube pretende mesclar o elenco do sub-20 com alguns atletas do sub-17.<\/p>\n\n\n\n<p>&#8220;Acabamos h\u00e1 pouco mais de 10 dias, ainda estamos em festa e n\u00e3o sentamos para analisar daqui por diante. Mas certamente ficar\u00e3o todos os companheiros que ajudaram a chegar nesse momento. Gosto muito de falar do nosso grande companheiro, claro que o presidente Roberto Carlos d\u00e1 toda condi\u00e7\u00e3o, mas se a gente n\u00e3o tiver o apoio financeiro, a infraestrutura como Tib\u00farcio vem concedendo a gente n\u00e3o chegaria tamb\u00e9m. Vamos sentar com ele, com o presidente, com o diretor S\u00e9rgio Fernandes, com Rodrigo e toda a comiss\u00e3o t\u00e9cnica da Juazeirense, toda a diretoria, para que a gente possa avaliar da melhor maneira poss\u00edvel. Claro que a maioria dos jogadores certamente estar\u00e3o na Copa S\u00e3o Paulo em janeiro, mas contemplando tamb\u00e9m os garotos do sub-17 da Juazeirense&#8221;, afirmou.<\/p>\n\n\n\n<p>Randerson Leal est\u00e1 no Rio de Janeiro participando da reuni\u00e3o dos clubes da S\u00e9rie D do Brasileiro, competi\u00e7\u00e3o que o time principal da Juazeirense disputa, com a Confedera\u00e7\u00e3o Brasileira de Futebol (CBF). O encontro aconteceu nesta ter\u00e7a-feira (5), na sede da entidade.<\/p>\n\n\n\n<p class=\"has-text-align-right\">*Bahia Not\u00edcias<\/p>\n","protected":false},"excerpt":{"rendered":"<p>O diretor das divis\u00f5es de base da Juazeirense, Randerson Leal, celebrou a boa campanha da equipe sub-20 no Campeonato Baiano da categoria. A garotada do Canc\u00e3o de Fogo terminou a competi\u00e7\u00e3o na terceira coloca\u00e7\u00e3o geral e ficou com uma das vagas do estado na Copa S\u00e3o Paulo de Futebol J\u00fanior de 2023. &#8220;\u00c9 uma felicidade [&hellip;]<\/p>\n","protected":false},"author":2,"featured_media":11217,"comment_status":"closed","ping_status":"open","sticky":false,"template":"","format":"standard","meta":{"footnotes":""},"categories":[20],"tags":[],"class_list":["post-11212","post","type-post","status-publish","format-standard","has-post-thumbnail","hentry","category-esporte"],"aioseo_notices":[],"_links":{"self":[{"href":"https:\/\/informebahia.com\/site\/wp-json\/wp\/v2\/posts\/11212","targetHints":{"allow":["GET"]}}],"collection":[{"href":"https:\/\/informebahia.com\/site\/wp-json\/wp\/v2\/posts"}],"about":[{"href":"https:\/\/informebahia.com\/site\/wp-json\/wp\/v2\/types\/post"}],"author":[{"embeddable":true,"href":"https:\/\/informebahia.com\/site\/wp-json\/wp\/v2\/users\/2"}],"replies":[{"embeddable":true,"href":"https:\/\/informebahia.com\/site\/wp-json\/wp\/v2\/comments?post=11212"}],"version-history":[{"count":1,"href":"https:\/\/informebahia.com\/site\/wp-json\/wp\/v2\/posts\/11212\/revisions"}],"predecessor-version":[{"id":11218,"href":"https:\/\/informebahia.com\/site\/wp-json\/wp\/v2\/posts\/11212\/revisions\/11218"}],"wp:featuredmedia":[{"embeddable":true,"href":"https:\/\/informebahia.com\/site\/wp-json\/wp\/v2\/media\/11217"}],"wp:attachment":[{"href":"https:\/\/informebahia.com\/site\/wp-json\/wp\/v2\/media?parent=11212"}],"wp:term":[{"taxonomy":"category","embeddable":true,"href":"https:\/\/informebahia.com\/site\/wp-json\/wp\/v2\/categories?post=11212"},{"taxonomy":"post_tag","embeddable":true,"href":"https:\/\/informebahia.com\/site\/wp-json\/wp\/v2\/tags?post=11212"}],"curies":[{"name":"wp","href":"https:\/\/api.w.org\/{rel}","templated":true}]}}