{"id":11214,"date":"2022-07-05T15:12:07","date_gmt":"2022-07-05T18:12:07","guid":{"rendered":"http:\/\/informebahia.com\/site\/?p=11214"},"modified":"2022-07-05T15:12:10","modified_gmt":"2022-07-05T18:12:10","slug":"bolsonaro-planeja-lancar-candidatura-a-reeleicao-no-dia-23-de-julho","status":"publish","type":"post","link":"https:\/\/informebahia.com\/site\/2022\/07\/05\/bolsonaro-planeja-lancar-candidatura-a-reeleicao-no-dia-23-de-julho\/","title":{"rendered":"Bolsonaro planeja lan\u00e7ar candidatura \u00e0 reelei\u00e7\u00e3o no dia 23 de julho"},"content":{"rendered":"<div class=\"wp-block-image\">\n<figure class=\"aligncenter size-full\"><img loading=\"lazy\" decoding=\"async\" width=\"380\" height=\"280\" src=\"https:\/\/informebahia.com\/site\/wp-content\/uploads\/2022\/07\/IMAGEM_NOTICIA_5-2-3.jpg\" alt=\"\" class=\"wp-image-11221\" srcset=\"https:\/\/informebahia.com\/site\/wp-content\/uploads\/2022\/07\/IMAGEM_NOTICIA_5-2-3.jpg 380w, https:\/\/informebahia.com\/site\/wp-content\/uploads\/2022\/07\/IMAGEM_NOTICIA_5-2-3-300x221.jpg 300w, https:\/\/informebahia.com\/site\/wp-content\/uploads\/2022\/07\/IMAGEM_NOTICIA_5-2-3-80x60.jpg 80w\" sizes=\"auto, (max-width: 380px) 100vw, 380px\" \/><figcaption>Foto: Max Haack \/ Ag Haack \/ Bahia Not\u00edcias<\/figcaption><\/figure>\n<\/div>\n\n\n<p>O presidente Jair Bolsonaro (PL) deve lan\u00e7ar a candidatura \u00e0 reelei\u00e7\u00e3o no dia 23 de julho, em S\u00e3o Paulo. De acordo com a CNN S\u00e3o Paulo foi escolhida como local do lan\u00e7amento da candidatura porque \u00e9 o maior col\u00e9gio eleitoral do Brasil e como Luiz In\u00e1cio Lula da Silva (PT) tem mostrado uma vantagem sobre Bolsonaro a ideia \u00e9 refor\u00e7ar a presen\u00e7a e tentar reduzir essa margem.<\/p>\n\n\n\n<p>Bolsonaro ainda n\u00e3o oficializou o nome do vice para compor a chapa. A principal aposta para ocupar o lugar \u00e9 o ex-ministro da Defesa e general da reserva Braga Netto, que se filiou ao PL no fim de mar\u00e7o.<\/p>\n\n\n\n<p>A avalia\u00e7\u00e3o da campanha \u00e0 reelei\u00e7\u00e3o do presidente \u00e9 que um lan\u00e7amento da candidatura em S\u00e3o Paulo \u00e9 um gesto importante para aproximar Bolsonaro desse eleitorado que, historicamente, tem afinidade com a direita e refor\u00e7ar o sentimento do antipetismo.<\/p>\n\n\n\n<p>O lan\u00e7amento deve ocorrer na primeira semana das conven\u00e7\u00f5es partid\u00e1rias. Segundo o calend\u00e1rio eleitoral o per\u00edodo para a confirma\u00e7\u00e3o das candidaturas vai de 20 de julho at\u00e9 o dia 5 de agosto, no formato presencial, virtual ou h\u00edbrido.<\/p>\n\n\n\n<p class=\"has-text-align-right\">*Bahia Not\u00edcias<\/p>\n","protected":false},"excerpt":{"rendered":"<p>O presidente Jair Bolsonaro (PL) deve lan\u00e7ar a candidatura \u00e0 reelei\u00e7\u00e3o no dia 23 de julho, em S\u00e3o Paulo. De acordo com a CNN S\u00e3o Paulo foi escolhida como local do lan\u00e7amento da candidatura porque \u00e9 o maior col\u00e9gio eleitoral do Brasil e como Luiz In\u00e1cio Lula da Silva (PT) tem mostrado uma vantagem sobre [&hellip;]<\/p>\n","protected":false},"author":2,"featured_media":11221,"comment_status":"closed","ping_status":"open","sticky":false,"template":"","format":"standard","meta":{"footnotes":""},"categories":[17],"tags":[],"class_list":["post-11214","post","type-post","status-publish","format-standard","has-post-thumbnail","hentry","category-politica"],"aioseo_notices":[],"_links":{"self":[{"href":"https:\/\/informebahia.com\/site\/wp-json\/wp\/v2\/posts\/11214","targetHints":{"allow":["GET"]}}],"collection":[{"href":"https:\/\/informebahia.com\/site\/wp-json\/wp\/v2\/posts"}],"about":[{"href":"https:\/\/informebahia.com\/site\/wp-json\/wp\/v2\/types\/post"}],"author":[{"embeddable":true,"href":"https:\/\/informebahia.com\/site\/wp-json\/wp\/v2\/users\/2"}],"replies":[{"embeddable":true,"href":"https:\/\/informebahia.com\/site\/wp-json\/wp\/v2\/comments?post=11214"}],"version-history":[{"count":1,"href":"https:\/\/informebahia.com\/site\/wp-json\/wp\/v2\/posts\/11214\/revisions"}],"predecessor-version":[{"id":11222,"href":"https:\/\/informebahia.com\/site\/wp-json\/wp\/v2\/posts\/11214\/revisions\/11222"}],"wp:featuredmedia":[{"embeddable":true,"href":"https:\/\/informebahia.com\/site\/wp-json\/wp\/v2\/media\/11221"}],"wp:attachment":[{"href":"https:\/\/informebahia.com\/site\/wp-json\/wp\/v2\/media?parent=11214"}],"wp:term":[{"taxonomy":"category","embeddable":true,"href":"https:\/\/informebahia.com\/site\/wp-json\/wp\/v2\/categories?post=11214"},{"taxonomy":"post_tag","embeddable":true,"href":"https:\/\/informebahia.com\/site\/wp-json\/wp\/v2\/tags?post=11214"}],"curies":[{"name":"wp","href":"https:\/\/api.w.org\/{rel}","templated":true}]}}