{"id":11216,"date":"2022-07-05T15:23:10","date_gmt":"2022-07-05T18:23:10","guid":{"rendered":"http:\/\/informebahia.com\/site\/?p=11216"},"modified":"2022-07-05T15:23:13","modified_gmt":"2022-07-05T18:23:13","slug":"ans-abre-consulta-publica-sobre-cobertura-obrigatoria-de-planos-de-saude","status":"publish","type":"post","link":"https:\/\/informebahia.com\/site\/2022\/07\/05\/ans-abre-consulta-publica-sobre-cobertura-obrigatoria-de-planos-de-saude\/","title":{"rendered":"ANS abre consulta p\u00fablica sobre cobertura obrigat\u00f3ria de planos de sa\u00fade"},"content":{"rendered":"<div class=\"wp-block-image\">\n<figure class=\"aligncenter size-full\"><img loading=\"lazy\" decoding=\"async\" width=\"500\" height=\"276\" src=\"https:\/\/informebahia.com\/site\/wp-content\/uploads\/2022\/07\/ANS.jpg\" alt=\"\" class=\"wp-image-11225\" srcset=\"https:\/\/informebahia.com\/site\/wp-content\/uploads\/2022\/07\/ANS.jpg 500w, https:\/\/informebahia.com\/site\/wp-content\/uploads\/2022\/07\/ANS-300x166.jpg 300w\" sizes=\"auto, (max-width: 500px) 100vw, 500px\" \/><figcaption>Foto: Getty Images<\/figcaption><\/figure>\n<\/div>\n\n\n<p>A Ag\u00eancia Nacional de Sa\u00fade Suplementar (ANS) abriu consulta p\u00fablica para discutir a cobertura assistencial obrigat\u00f3ria de planos de sa\u00fade. Segundo publica\u00e7\u00e3o no Di\u00e1rio Oficial da Uni\u00e3o, a consulta ter\u00e1 dura\u00e7\u00e3o de 20 dias, contados a partir desta ter\u00e7a-feira (5) at\u00e9 24 de julho.<\/p>\n\n\n\n<p>\u00c9 a partir dela que ser\u00e3o consideradas \u201ccr\u00edticas e sugest\u00f5es relativas \u00e0 proposta de resolu\u00e7\u00e3o normativa que atualiza o Rol de Procedimentos e Eventos em Sa\u00fade\u201d. Os coment\u00e1rios devem ser encaminhados a partir de um formul\u00e1rio presente no site da ANS.<\/p>\n\n\n\n<p>A ANS informa que a consulta n\u00e3o tem rela\u00e7\u00e3o com decis\u00e3o do m\u00eas passado do Superior Tribunal de Justi\u00e7a. A ag\u00eancia diz que consultas como esta j\u00e1 estavam previstas.<\/p>\n\n\n\n<p>O STJ entendeu que a lista de procedimentos de cobertura obrigat\u00f3ria para os planos de sa\u00fade, regidos pela Ag\u00eancia Nacional de Sa\u00fade Suplementar (ANS), \u00e9 \u201ctaxativa\u201d, ou seja, que obriga a cobertura somente dos itens da lista. Por meio dele, planos de sa\u00fade s\u00e3o obrigados a custear apenas o que \u00e9 contemplado pela lista, atualmente composta por mais de 3.360 itens.<\/p>\n\n\n\n<p>Antes, a lista era exemplificativa, ou seja, estabelecia procedimentos cobertos pelos planos, mas dava margem para que outros que tivessem as mesmas finalidades tamb\u00e9m fossem atendidos caso houvesse justificativa cl\u00ednica do m\u00e9dico respons\u00e1vel. Assim, pacientes que tivessem procedimentos negados, de exames a cirurgias, poderiam recorrer \u00e0 Justi\u00e7a.<\/p>\n\n\n\n<p>Com o rol taxativo, as operadoras j\u00e1 n\u00e3o s\u00e3o mais obrigadas a contemplar procedimentos que n\u00e3o constam na lista da ANS. A decis\u00e3o do tribunal pode consolidar uma nova jurisprud\u00eancia sobre o tema e servir para os tribunais inferiores, levando a poucas chances de reconhecimento pela via judicial.<\/p>\n\n\n\n<p>Desde ent\u00e3o, entidades do setor t\u00eam se movimentado para pedir a contempla\u00e7\u00e3o de outros procedimentos. A diretoria da ANS j\u00e1 aprovou a inclus\u00e3o de tratamentos para transtornos globais do desenvolvimento, como o autismo, Asperger e S\u00edndrome de Rett.<\/p>\n\n\n\n<p class=\"has-text-align-right\">*CNN Brasil<\/p>\n","protected":false},"excerpt":{"rendered":"<p>A Ag\u00eancia Nacional de Sa\u00fade Suplementar (ANS) abriu consulta p\u00fablica para discutir a cobertura assistencial obrigat\u00f3ria de planos de sa\u00fade. Segundo publica\u00e7\u00e3o no Di\u00e1rio Oficial da Uni\u00e3o, a consulta ter\u00e1 dura\u00e7\u00e3o de 20 dias, contados a partir desta ter\u00e7a-feira (5) at\u00e9 24 de julho. \u00c9 a partir dela que ser\u00e3o consideradas \u201ccr\u00edticas e sugest\u00f5es relativas [&hellip;]<\/p>\n","protected":false},"author":2,"featured_media":11225,"comment_status":"closed","ping_status":"open","sticky":false,"template":"","format":"standard","meta":{"footnotes":""},"categories":[33],"tags":[],"class_list":["post-11216","post","type-post","status-publish","format-standard","has-post-thumbnail","hentry","category-geral"],"aioseo_notices":[],"_links":{"self":[{"href":"https:\/\/informebahia.com\/site\/wp-json\/wp\/v2\/posts\/11216","targetHints":{"allow":["GET"]}}],"collection":[{"href":"https:\/\/informebahia.com\/site\/wp-json\/wp\/v2\/posts"}],"about":[{"href":"https:\/\/informebahia.com\/site\/wp-json\/wp\/v2\/types\/post"}],"author":[{"embeddable":true,"href":"https:\/\/informebahia.com\/site\/wp-json\/wp\/v2\/users\/2"}],"replies":[{"embeddable":true,"href":"https:\/\/informebahia.com\/site\/wp-json\/wp\/v2\/comments?post=11216"}],"version-history":[{"count":1,"href":"https:\/\/informebahia.com\/site\/wp-json\/wp\/v2\/posts\/11216\/revisions"}],"predecessor-version":[{"id":11226,"href":"https:\/\/informebahia.com\/site\/wp-json\/wp\/v2\/posts\/11216\/revisions\/11226"}],"wp:featuredmedia":[{"embeddable":true,"href":"https:\/\/informebahia.com\/site\/wp-json\/wp\/v2\/media\/11225"}],"wp:attachment":[{"href":"https:\/\/informebahia.com\/site\/wp-json\/wp\/v2\/media?parent=11216"}],"wp:term":[{"taxonomy":"category","embeddable":true,"href":"https:\/\/informebahia.com\/site\/wp-json\/wp\/v2\/categories?post=11216"},{"taxonomy":"post_tag","embeddable":true,"href":"https:\/\/informebahia.com\/site\/wp-json\/wp\/v2\/tags?post=11216"}],"curies":[{"name":"wp","href":"https:\/\/api.w.org\/{rel}","templated":true}]}}