{"id":11235,"date":"2022-07-06T14:50:44","date_gmt":"2022-07-06T17:50:44","guid":{"rendered":"http:\/\/informebahia.com\/site\/?p=11235"},"modified":"2022-07-06T14:50:47","modified_gmt":"2022-07-06T17:50:47","slug":"vitoria-lanca-novo-modelo-de-camisa-com-preco-mais-acessivel-ao-torcedor","status":"publish","type":"post","link":"https:\/\/informebahia.com\/site\/2022\/07\/06\/vitoria-lanca-novo-modelo-de-camisa-com-preco-mais-acessivel-ao-torcedor\/","title":{"rendered":"Vit\u00f3ria lan\u00e7a novo modelo de camisa com pre\u00e7o mais acess\u00edvel ao torcedor"},"content":{"rendered":"<div class=\"wp-block-image\">\n<figure class=\"aligncenter size-full\"><img loading=\"lazy\" decoding=\"async\" width=\"380\" height=\"280\" src=\"https:\/\/informebahia.com\/site\/wp-content\/uploads\/2022\/07\/IMAGEM_VITORIA_5-2.jpg\" alt=\"\" class=\"wp-image-11242\" srcset=\"https:\/\/informebahia.com\/site\/wp-content\/uploads\/2022\/07\/IMAGEM_VITORIA_5-2.jpg 380w, https:\/\/informebahia.com\/site\/wp-content\/uploads\/2022\/07\/IMAGEM_VITORIA_5-2-300x221.jpg 300w, https:\/\/informebahia.com\/site\/wp-content\/uploads\/2022\/07\/IMAGEM_VITORIA_5-2-80x60.jpg 80w\" sizes=\"auto, (max-width: 380px) 100vw, 380px\" \/><figcaption>Foto: Ulisses Gama \/ Bahia Not\u00edcias<\/figcaption><\/figure>\n<\/div>\n\n\n<p>O Vit\u00f3ria lan\u00e7ou na manh\u00e3 desta quarta-feira (6) uma nova camisa que custar\u00e1 um pre\u00e7o mais acess\u00edvel ao torcedor. O an\u00fancio foi feito pelo presidente F\u00e1bio Mota. Chamada camisa Fan, o modelo ser\u00e1 comercializado por R$ 99 para o s\u00f3cio torcedor e R$ 129 para n\u00e3o s\u00f3cio.<\/p>\n\n\n\n<p>&#8220;Quando a gente fechou contrato com a Volt, a condi\u00e7\u00e3o n\u00famero 1 \u00e9 que a gente tivesse uma camisa mais acess\u00edvel. H\u00e1 muito tempo que a torcida do Vit\u00f3ria pede uma camisa mais acess\u00edvel. Demos o prazo de 60 dias e no vencimento lan\u00e7amos a camisa&#8221;, afirmou o dirigente. &#8220;O s\u00f3cio torcedor paga R$ 99 por essa camisa, da\u00ed a import\u00e2ncia de ser s\u00f3cio e ajudar o clube. Quem n\u00e3o \u00e9 s\u00f3cio para R$ 129&#8221;, completou.<\/p>\n\n\n\n<p>Al\u00e9m da camisa Fan, Mota tamb\u00e9m apresentou o novo manto de inverno do Le\u00e3o. A vestimenta tem manga longa e ser\u00e1 usada no compromisso no Rio Grande do Sul, quando o time encara o S\u00e3o Jos\u00e9-RS, no pr\u00f3ximo domingo (10), pela 14\u00aa rodada da S\u00e9rie C. O produto ser\u00e1 vendido por R$ 249. Por fim, tamb\u00e9m ser\u00e1 lan\u00e7ada pela Volt, a camisa de basquete do Rubro-Negro.<\/p>\n\n\n\n<p>O Vit\u00f3ria ocupa a 13\u00aa coloca\u00e7\u00e3o na tabela de classifica\u00e7\u00e3o da S\u00e9rie C com 15 pontos, tr\u00eas a mais da zona de rebaixamento e quatro a menos do G-8. O duelo com o S\u00e3o Jos\u00e9-RS, que \u00e9 o sexto com 20, est\u00e1 marcado para come\u00e7ar \u00e0s 17h, no Francisco Novelletto.<\/p>\n\n\n\n<p class=\"has-text-align-right\">*Bahia Not\u00edcias<\/p>\n","protected":false},"excerpt":{"rendered":"<p>O Vit\u00f3ria lan\u00e7ou na manh\u00e3 desta quarta-feira (6) uma nova camisa que custar\u00e1 um pre\u00e7o mais acess\u00edvel ao torcedor. O an\u00fancio foi feito pelo presidente F\u00e1bio Mota. Chamada camisa Fan, o modelo ser\u00e1 comercializado por R$ 99 para o s\u00f3cio torcedor e R$ 129 para n\u00e3o s\u00f3cio. &#8220;Quando a gente fechou contrato com a Volt, [&hellip;]<\/p>\n","protected":false},"author":2,"featured_media":11242,"comment_status":"closed","ping_status":"open","sticky":false,"template":"","format":"standard","meta":{"footnotes":""},"categories":[20],"tags":[],"class_list":["post-11235","post","type-post","status-publish","format-standard","has-post-thumbnail","hentry","category-esporte"],"aioseo_notices":[],"_links":{"self":[{"href":"https:\/\/informebahia.com\/site\/wp-json\/wp\/v2\/posts\/11235","targetHints":{"allow":["GET"]}}],"collection":[{"href":"https:\/\/informebahia.com\/site\/wp-json\/wp\/v2\/posts"}],"about":[{"href":"https:\/\/informebahia.com\/site\/wp-json\/wp\/v2\/types\/post"}],"author":[{"embeddable":true,"href":"https:\/\/informebahia.com\/site\/wp-json\/wp\/v2\/users\/2"}],"replies":[{"embeddable":true,"href":"https:\/\/informebahia.com\/site\/wp-json\/wp\/v2\/comments?post=11235"}],"version-history":[{"count":1,"href":"https:\/\/informebahia.com\/site\/wp-json\/wp\/v2\/posts\/11235\/revisions"}],"predecessor-version":[{"id":11243,"href":"https:\/\/informebahia.com\/site\/wp-json\/wp\/v2\/posts\/11235\/revisions\/11243"}],"wp:featuredmedia":[{"embeddable":true,"href":"https:\/\/informebahia.com\/site\/wp-json\/wp\/v2\/media\/11242"}],"wp:attachment":[{"href":"https:\/\/informebahia.com\/site\/wp-json\/wp\/v2\/media?parent=11235"}],"wp:term":[{"taxonomy":"category","embeddable":true,"href":"https:\/\/informebahia.com\/site\/wp-json\/wp\/v2\/categories?post=11235"},{"taxonomy":"post_tag","embeddable":true,"href":"https:\/\/informebahia.com\/site\/wp-json\/wp\/v2\/tags?post=11235"}],"curies":[{"name":"wp","href":"https:\/\/api.w.org\/{rel}","templated":true}]}}