{"id":15627,"date":"2023-02-04T12:36:04","date_gmt":"2023-02-04T15:36:04","guid":{"rendered":"http:\/\/informebahia.com\/site\/?p=15627"},"modified":"2023-02-04T12:36:07","modified_gmt":"2023-02-04T15:36:07","slug":"lider-do-pl-defende-que-moraes-investigue-a-fundo-suposta-tentativa-de-golpe%ef%bf%bc","status":"publish","type":"post","link":"https:\/\/informebahia.com\/site\/2023\/02\/04\/lider-do-pl-defende-que-moraes-investigue-a-fundo-suposta-tentativa-de-golpe%ef%bf%bc\/","title":{"rendered":"L\u00edder do PL defende que Moraes investigue \u2018a fundo\u2019 suposta tentativa de golpe\ufffc"},"content":{"rendered":"<div class=\"wp-block-image\">\n<figure class=\"aligncenter size-full\"><img loading=\"lazy\" decoding=\"async\" width=\"490\" height=\"335\" src=\"https:\/\/informebahia.com\/site\/wp-content\/uploads\/2023\/02\/Altineu-Cortes.jpg\" alt=\"\" class=\"wp-image-15637\" srcset=\"https:\/\/informebahia.com\/site\/wp-content\/uploads\/2023\/02\/Altineu-Cortes.jpg 490w, https:\/\/informebahia.com\/site\/wp-content\/uploads\/2023\/02\/Altineu-Cortes-300x205.jpg 300w, https:\/\/informebahia.com\/site\/wp-content\/uploads\/2023\/02\/Altineu-Cortes-218x150.jpg 218w\" sizes=\"auto, (max-width: 490px) 100vw, 490px\" \/><figcaption><em>Foto: Geraldo Magela\/Arquivo\/Ag\u00eancia Senado<\/em><\/figcaption><\/figure>\n<\/div>\n\n\n<p>L\u00edder do PL na C\u00e2mara dos Deputados, Altineu C\u00f4rtes (RJ) defende uma investiga\u00e7\u00e3o profunda por parte do ministro do STF (Supremo Tribunal Federal) Alexandre de Moraes sobre a suposta tentativa de golpe arquitetada pelo ex-deputado Daniel Silveira (PTB-RJ) e pelo ex-presidente Jair Bolsonaro (PL).<\/p>\n\n\n\n<p>Nesta quinta-feira (2) o senador Marcos do Val (Podemos-ES) relatou uma conversa na qual os dois teriam tentado convenc\u00ea-lo a gravar Moraes e arrancar algo que justificasse sua pris\u00e3o e, consequentemente, a anula\u00e7\u00e3o das elei\u00e7\u00f5es de 2022.<\/p>\n\n\n\n<p>\u201cEsse tipo de gente que anda fazendo isso\u2026 O ministro Alexandre de Moraes tem toda raz\u00e3o para investigar profundamente isso\u201d, diz.<\/p>\n\n\n\n<p>Para ele, Do Val tem de ser cobrado pelas declara\u00e7\u00f5es e pelas mudan\u00e7as de vers\u00f5es ao longo das \u00faltimas 48h. \u201cTem que ser respons\u00e1vel com o que se diz. \u201cO senador n\u00e3o pode falar um negocio e depois [mudar]. Sen\u00e3o \u00e9 brincadeira. E a\u00ed, vai fazer nada n\u00e3o? N\u00e3o vai acontecer nada n\u00e3o?\u201d, provoca.<\/p>\n\n\n\n<p>Altineu tamb\u00e9m defendeu o presidente do PL, Valdemar Costa Neto, que foi ouvido pela PF (Pol\u00edcia Federal) ap\u00f3s dizer em entrevista que havia minutas de propostas golpistas \u201cna casa de todo mundo\u201d. \u201cSou muito pr\u00f3ximo dele e nunca teve\u2026 [n\u00e3o conclui]. Quem conhece o Valdemar sabe que ele n\u00e3o compactuaria com qualquer movimento de golpe\u201d, atesta.<\/p>\n\n\n\n<p>Moraes determinou a abertura de um procedimento para apurar suspeita da pr\u00e1tica dos crimes de falso testemunho, denuncia\u00e7\u00e3o caluniosa e coa\u00e7\u00e3o no curso do processo pelo senador Marcos do Val.<\/p>\n\n\n\n<p>Na quinta-feira (2), Do Val fez uma transmiss\u00e3o ao vivo pelas redes sociais na qual afirmou que a revista Veja publicaria uma reportagem mostrando que Bolsonaro tentou coagi-lo a \u201cdar um golpe de Estado junto com ele\u201d.<\/p>\n\n\n\n<p>Horas depois, o senador recuou da acusa\u00e7\u00e3o direta e disse que Bolsonaro \u201cs\u00f3 ouviu\u201d o plano do ex-deputado federal Daniel Silveira e afirmou que iria pensar a respeito.<\/p>\n\n\n\n<p class=\"has-text-align-right\">*Pol\u00edtica Livre<\/p>\n","protected":false},"excerpt":{"rendered":"<p>L\u00edder do PL na C\u00e2mara dos Deputados, Altineu C\u00f4rtes (RJ) defende uma investiga\u00e7\u00e3o profunda por parte do ministro do STF (Supremo Tribunal Federal) Alexandre de Moraes sobre a suposta tentativa de golpe arquitetada pelo ex-deputado Daniel Silveira (PTB-RJ) e pelo ex-presidente Jair Bolsonaro (PL). Nesta quinta-feira (2) o senador Marcos do Val (Podemos-ES) relatou uma [&hellip;]<\/p>\n","protected":false},"author":2,"featured_media":15637,"comment_status":"closed","ping_status":"open","sticky":false,"template":"","format":"standard","meta":{"footnotes":""},"categories":[17],"tags":[],"class_list":["post-15627","post","type-post","status-publish","format-standard","has-post-thumbnail","hentry","category-politica"],"aioseo_notices":[],"_links":{"self":[{"href":"https:\/\/informebahia.com\/site\/wp-json\/wp\/v2\/posts\/15627","targetHints":{"allow":["GET"]}}],"collection":[{"href":"https:\/\/informebahia.com\/site\/wp-json\/wp\/v2\/posts"}],"about":[{"href":"https:\/\/informebahia.com\/site\/wp-json\/wp\/v2\/types\/post"}],"author":[{"embeddable":true,"href":"https:\/\/informebahia.com\/site\/wp-json\/wp\/v2\/users\/2"}],"replies":[{"embeddable":true,"href":"https:\/\/informebahia.com\/site\/wp-json\/wp\/v2\/comments?post=15627"}],"version-history":[{"count":1,"href":"https:\/\/informebahia.com\/site\/wp-json\/wp\/v2\/posts\/15627\/revisions"}],"predecessor-version":[{"id":15638,"href":"https:\/\/informebahia.com\/site\/wp-json\/wp\/v2\/posts\/15627\/revisions\/15638"}],"wp:featuredmedia":[{"embeddable":true,"href":"https:\/\/informebahia.com\/site\/wp-json\/wp\/v2\/media\/15637"}],"wp:attachment":[{"href":"https:\/\/informebahia.com\/site\/wp-json\/wp\/v2\/media?parent=15627"}],"wp:term":[{"taxonomy":"category","embeddable":true,"href":"https:\/\/informebahia.com\/site\/wp-json\/wp\/v2\/categories?post=15627"},{"taxonomy":"post_tag","embeddable":true,"href":"https:\/\/informebahia.com\/site\/wp-json\/wp\/v2\/tags?post=15627"}],"curies":[{"name":"wp","href":"https:\/\/api.w.org\/{rel}","templated":true}]}}