{"id":15684,"date":"2023-02-07T18:51:14","date_gmt":"2023-02-07T21:51:14","guid":{"rendered":"http:\/\/informebahia.com\/site\/?p=15684"},"modified":"2023-02-07T18:51:17","modified_gmt":"2023-02-07T21:51:17","slug":"alunos-da-rede-municipal-de-ensino-retornam-as-aulas-nesta-quarta-feira-8-em-coite","status":"publish","type":"post","link":"https:\/\/informebahia.com\/site\/2023\/02\/07\/alunos-da-rede-municipal-de-ensino-retornam-as-aulas-nesta-quarta-feira-8-em-coite\/","title":{"rendered":"Alunos da rede municipal de ensino retornam \u00e0s aulas, nesta quarta-feira (8), em Coit\u00e9"},"content":{"rendered":"<div class=\"wp-block-image\">\n<figure class=\"aligncenter size-full\"><img loading=\"lazy\" decoding=\"async\" width=\"600\" height=\"375\" src=\"https:\/\/informebahia.com\/site\/wp-content\/uploads\/2023\/02\/2f80c597-7612-4c20-9088-477f02f41a78.jpeg\" alt=\"\" class=\"wp-image-15685\" srcset=\"https:\/\/informebahia.com\/site\/wp-content\/uploads\/2023\/02\/2f80c597-7612-4c20-9088-477f02f41a78.jpeg 600w, https:\/\/informebahia.com\/site\/wp-content\/uploads\/2023\/02\/2f80c597-7612-4c20-9088-477f02f41a78-300x188.jpeg 300w\" sizes=\"auto, (max-width: 600px) 100vw, 600px\" \/><\/figure>\n<\/div>\n\n\n<p>Alunos da rede municipal de ensino, em Coit\u00e9, j\u00e1 t\u00eam data para retornar \u00e0 sala de aula. Nesta quarta-feira (8), aproximadamente 9000 alunos iniciam o ano letivo nas escolas e creches municipais. Para atender ao alunado s\u00e3o mais de 562 professores e 336 profissionais de apoio.<\/p>\n\n\n\n<p>Para receber os alunos, a Prefeitura de Coit\u00e9 realizou diversas interven\u00e7\u00f5es, promovendo reformas e amplia\u00e7\u00f5es em 61 pr\u00e9dios, nos quais funcionam 67 unidades escolares. Outro investimento importante \u00e9 no incentivo \u00e0 pr\u00e1tica esportiva com reforma e amplia\u00e7\u00e3o de quadras. Al\u00e9m do investimento em infraestrutura a prefeitura direcionou recursos para inclus\u00e3o digital e tecnologia, neste ano ser\u00e3o distribu\u00eddos 60 notebooks, 40 computadores e 3.000 mil tablets.<\/p>\n\n\n\n<p>\u201cQuando a gente fala de educa\u00e7\u00e3o estamos dialogando sobre o futuro, sobre pessoas. A maior riqueza da nossa terra \u00e9 a nossa gente. A maior preocupa\u00e7\u00e3o da nossa gest\u00e3o \u00e9 a valoriza\u00e7\u00e3o profissional, por isso, nos empenhamos para garantir os pagamentos do abono salarial e dos precat\u00f3rios do FUNDEF. Uma luta antiga dos professores que conseguimos viabilizar. A gente tem investido muito na qualifica\u00e7\u00e3o dos profissionais e na melhor forma\u00e7\u00e3o dos alunos, construindo cidad\u00e3os cada vez mais conscientes\u201d, diz Marcelo Ara\u00fajo, prefeito.<\/p>\n\n\n\n<p>A rede municipal de ensino tamb\u00e9m conta com 17 creches em tempo integral, dando mais tranquilidade aos pais que precisam trabalhar. \u201cNossa preocupa\u00e7\u00e3o \u00e9 assegurar aos pais a seguran\u00e7a de que seus filhos ser\u00e3o bem assistidos, por isso, oferecemos infraestrutura adequada, profissionais qualificados e merenda de qualidade, proporcionando uma dieta saud\u00e1vel nas tr\u00eas refei\u00e7\u00f5es di\u00e1rias\u201d, afirma Eug\u00eania Mateus, secret\u00e1ria de Educa\u00e7\u00e3o.<\/p>\n\n\n\n<p>Para o ano letivo de 2023, a educa\u00e7\u00e3o vai contar com refor\u00e7o importante no corpo docente, foi realizado um processo seletivo em 2022 e, assim que sair o resultado, a rede de ensino vai aumentar o quantitativo de profissionais.<\/p>\n\n\n\n<p>Com o prop\u00f3sito de promover uma forma\u00e7\u00e3o cidad\u00e3, a prefeitura vai investir na cultura dentro das escolas, com forma\u00e7\u00e3o de novas fanfarras, bandas marciais, concurso de quadrilha e Gincana Cultural Interescolar no decorrer do ano.<\/p>\n","protected":false},"excerpt":{"rendered":"<p>Alunos da rede municipal de ensino, em Coit\u00e9, j\u00e1 t\u00eam data para retornar \u00e0 sala de aula. Nesta quarta-feira (8), aproximadamente 9000 alunos iniciam o ano letivo nas escolas e creches municipais. Para atender ao alunado s\u00e3o mais de 562 professores e 336 profissionais de apoio. Para receber os alunos, a Prefeitura de Coit\u00e9 realizou [&hellip;]<\/p>\n","protected":false},"author":2,"featured_media":15685,"comment_status":"closed","ping_status":"open","sticky":false,"template":"","format":"standard","meta":{"footnotes":""},"categories":[2],"tags":[],"class_list":["post-15684","post","type-post","status-publish","format-standard","has-post-thumbnail","hentry","category-destaq"],"aioseo_notices":[],"_links":{"self":[{"href":"https:\/\/informebahia.com\/site\/wp-json\/wp\/v2\/posts\/15684","targetHints":{"allow":["GET"]}}],"collection":[{"href":"https:\/\/informebahia.com\/site\/wp-json\/wp\/v2\/posts"}],"about":[{"href":"https:\/\/informebahia.com\/site\/wp-json\/wp\/v2\/types\/post"}],"author":[{"embeddable":true,"href":"https:\/\/informebahia.com\/site\/wp-json\/wp\/v2\/users\/2"}],"replies":[{"embeddable":true,"href":"https:\/\/informebahia.com\/site\/wp-json\/wp\/v2\/comments?post=15684"}],"version-history":[{"count":1,"href":"https:\/\/informebahia.com\/site\/wp-json\/wp\/v2\/posts\/15684\/revisions"}],"predecessor-version":[{"id":15686,"href":"https:\/\/informebahia.com\/site\/wp-json\/wp\/v2\/posts\/15684\/revisions\/15686"}],"wp:featuredmedia":[{"embeddable":true,"href":"https:\/\/informebahia.com\/site\/wp-json\/wp\/v2\/media\/15685"}],"wp:attachment":[{"href":"https:\/\/informebahia.com\/site\/wp-json\/wp\/v2\/media?parent=15684"}],"wp:term":[{"taxonomy":"category","embeddable":true,"href":"https:\/\/informebahia.com\/site\/wp-json\/wp\/v2\/categories?post=15684"},{"taxonomy":"post_tag","embeddable":true,"href":"https:\/\/informebahia.com\/site\/wp-json\/wp\/v2\/tags?post=15684"}],"curies":[{"name":"wp","href":"https:\/\/api.w.org\/{rel}","templated":true}]}}