{"id":15854,"date":"2023-02-14T15:01:27","date_gmt":"2023-02-14T18:01:27","guid":{"rendered":"http:\/\/informebahia.com\/site\/?p=15854"},"modified":"2023-02-14T15:01:33","modified_gmt":"2023-02-14T18:01:33","slug":"ao-lado-de-ministro-dos-transportes-jeronimo-participa-de-entrega-do-complexo-de-viadutos-na-br-116-em-feira-de-santana","status":"publish","type":"post","link":"https:\/\/informebahia.com\/site\/2023\/02\/14\/ao-lado-de-ministro-dos-transportes-jeronimo-participa-de-entrega-do-complexo-de-viadutos-na-br-116-em-feira-de-santana\/","title":{"rendered":"Ao lado de ministro dos Transportes, Jer\u00f4nimo participa de entrega do complexo de viadutos na BR-116, em Feira de Santana"},"content":{"rendered":"<div class=\"wp-block-image\">\n<figure class=\"aligncenter size-full\"><img loading=\"lazy\" decoding=\"async\" width=\"490\" height=\"335\" src=\"https:\/\/informebahia.com\/site\/wp-content\/uploads\/2023\/02\/Jeronimo-em-Feira.jpg\" alt=\"\" class=\"wp-image-15856\" srcset=\"https:\/\/informebahia.com\/site\/wp-content\/uploads\/2023\/02\/Jeronimo-em-Feira.jpg 490w, https:\/\/informebahia.com\/site\/wp-content\/uploads\/2023\/02\/Jeronimo-em-Feira-300x205.jpg 300w, https:\/\/informebahia.com\/site\/wp-content\/uploads\/2023\/02\/Jeronimo-em-Feira-218x150.jpg 218w\" sizes=\"auto, (max-width: 490px) 100vw, 490px\" \/><figcaption>Foto: Mateus Pereira\/GOVBA<\/figcaption><\/figure>\n<\/div>\n\n\n<p>Na manh\u00e3 desta ter\u00e7a-feira (14), o governador Jer\u00f4nimo Rodrigues acompanhou o ministro dos Transportes, Renan Filho, em visita \u00e0 Feira de Santana, para a entrega de um complexo de viadutos na BR-116, no trecho que liga a cidade \u00e0 Serrinha. A obra permite a separa\u00e7\u00e3o do tr\u00e1fego rodovi\u00e1rio do per\u00edmetro urbano, reduzindo o n\u00famero de acidentes e mantendo os retornos pr\u00f3ximos \u00e0 Universidade Estadual de Feira de Santana (Uefs).<\/p>\n\n\n\n<p>Renan Filho anunciou que o governo federal ir\u00e1 aplicar R$ 1,6 bilh\u00e3o em 2023 na Bahia para recuperar e fazer a manuten\u00e7\u00e3o de rodovias e que a expectativa \u00e9 que at\u00e9 outubro deste ano o projeto para o trecho da obra do eixo leste j\u00e1 esteja contratado. Ele ainda adiantou que o governo estuda uma concess\u00e3o para um ano vi\u00e1rio ainda maior do que o projeto vigente. \u201cFeira de Santana \u00e9 uma cidade vocacionada para crescer, aqui a gente sobrevoa e v\u00ea residenciais do Minha Casa Minha Vida por toda parte, v\u00ea o desenvolvimento da cidade. E cidade j\u00e1 abra\u00e7ou o anel, precisamos agora \u00e9 fazer um anel ainda maior\u201d.<\/p>\n\n\n\n<p>Jer\u00f4nimo contextualizou que o investimento estrat\u00e9gico em mobilidade \u00e9 uma prioridade para sua gest\u00e3o. \u201cQuando me encontrei com o presidente Lula, no dia 27 de janeiro levei, tr\u00eas pedidos para o desenvolvimento da Bahia e um deles foi mobilidade. Ponte Salvador-Itaparica, a Ferrovia Oeste Leste e as rodovias. Esse recurso que teremos agora, n\u00e3o resolve tudo, porque temos muitos gargalos, mas \u00e9 o primeiro passo\u201d, disse Jer\u00f4nimo.<\/p>\n\n\n\n<p>\u201c\u00c9 um investimento que significa mais empregos para o povo baiano mais competitividade econ\u00f4mica, al\u00e9m do desenvolvimento e melhorias na mobilidade, muito importantes porque o Brasil todo passa por Feira de Santana pra ir pra algum lugar\u201d, salientou o ministro.<\/p>\n\n\n\n<p>As interven\u00e7\u00f5es, realizadas pelo Governo Federal, sob responsabilidade do Departamento Nacional de Infraestrutura de Transportes (DNIT), fazem parte das obras de duplica\u00e7\u00e3o da BR-116.<\/p>\n\n\n\n<p>Acompanharam o governador, os secret\u00e1rios Luiz Caetano, das Rela\u00e7\u00f5es Institucionais (Serin); Felipe Freitas, da Justi\u00e7a e Direitos Humanos; \u00c2ngelo Almeida, de Desenvolvimento Econ\u00f4mico (SDE); e o senador da Rep\u00fablica, Jaques Wagner.<\/p>\n\n\n\n<p><strong>Mais entregas<\/strong><\/p>\n\n\n\n<p>Ainda nesta ter\u00e7a-feira (14), \u00e0s 16h, o governador segue para o munic\u00edpio de Santo Amaro, no Rec\u00f4ncavo Baiano, onde acompanha o presidente Luiz In\u00e1cio Lula da Silva, em sua primeira viagem \u00e0 Bahia depois de eleito e o ministro da Casa Civil, Rui Costa, na inaugura\u00e7\u00e3o do condom\u00ednio residencial Vida Nova Sacramento, constru\u00eddo pelo Programa Minha Casa Minha Vida (MCMV). A obra foi interrompida h\u00e1 seis anos com a extin\u00e7\u00e3o do programa habitacional e foi retomada com a nova gest\u00e3o do governo federal.<\/p>\n\n\n\n<p class=\"has-text-align-right\">*Pol\u00edtica Livre<\/p>\n","protected":false},"excerpt":{"rendered":"<p>Na manh\u00e3 desta ter\u00e7a-feira (14), o governador Jer\u00f4nimo Rodrigues acompanhou o ministro dos Transportes, Renan Filho, em visita \u00e0 Feira de Santana, para a entrega de um complexo de viadutos na BR-116, no trecho que liga a cidade \u00e0 Serrinha. A obra permite a separa\u00e7\u00e3o do tr\u00e1fego rodovi\u00e1rio do per\u00edmetro urbano, reduzindo o n\u00famero de [&hellip;]<\/p>\n","protected":false},"author":2,"featured_media":15856,"comment_status":"closed","ping_status":"open","sticky":false,"template":"","format":"standard","meta":{"footnotes":""},"categories":[17],"tags":[],"class_list":["post-15854","post","type-post","status-publish","format-standard","has-post-thumbnail","hentry","category-politica"],"aioseo_notices":[],"_links":{"self":[{"href":"https:\/\/informebahia.com\/site\/wp-json\/wp\/v2\/posts\/15854","targetHints":{"allow":["GET"]}}],"collection":[{"href":"https:\/\/informebahia.com\/site\/wp-json\/wp\/v2\/posts"}],"about":[{"href":"https:\/\/informebahia.com\/site\/wp-json\/wp\/v2\/types\/post"}],"author":[{"embeddable":true,"href":"https:\/\/informebahia.com\/site\/wp-json\/wp\/v2\/users\/2"}],"replies":[{"embeddable":true,"href":"https:\/\/informebahia.com\/site\/wp-json\/wp\/v2\/comments?post=15854"}],"version-history":[{"count":1,"href":"https:\/\/informebahia.com\/site\/wp-json\/wp\/v2\/posts\/15854\/revisions"}],"predecessor-version":[{"id":15857,"href":"https:\/\/informebahia.com\/site\/wp-json\/wp\/v2\/posts\/15854\/revisions\/15857"}],"wp:featuredmedia":[{"embeddable":true,"href":"https:\/\/informebahia.com\/site\/wp-json\/wp\/v2\/media\/15856"}],"wp:attachment":[{"href":"https:\/\/informebahia.com\/site\/wp-json\/wp\/v2\/media?parent=15854"}],"wp:term":[{"taxonomy":"category","embeddable":true,"href":"https:\/\/informebahia.com\/site\/wp-json\/wp\/v2\/categories?post=15854"},{"taxonomy":"post_tag","embeddable":true,"href":"https:\/\/informebahia.com\/site\/wp-json\/wp\/v2\/tags?post=15854"}],"curies":[{"name":"wp","href":"https:\/\/api.w.org\/{rel}","templated":true}]}}