{"id":15908,"date":"2023-02-17T06:37:47","date_gmt":"2023-02-17T09:37:47","guid":{"rendered":"http:\/\/informebahia.com\/site\/?p=15908"},"modified":"2023-02-22T08:34:03","modified_gmt":"2023-02-22T11:34:03","slug":"homem-de-26-anos-e-morto-a-tiros-na-cidade-de-candeal","status":"publish","type":"post","link":"https:\/\/informebahia.com\/site\/2023\/02\/17\/homem-de-26-anos-e-morto-a-tiros-na-cidade-de-candeal\/","title":{"rendered":"Homem de 26 anos \u00e9 morto a tiros na cidade de Candeal"},"content":{"rendered":"<div class=\"wp-block-image\">\n<figure class=\"aligncenter size-full\"><img loading=\"lazy\" decoding=\"async\" width=\"550\" height=\"367\" src=\"https:\/\/informebahia.com\/site\/wp-content\/uploads\/2022\/11\/dpt.jpg\" alt=\"\" class=\"wp-image-14154\" srcset=\"https:\/\/informebahia.com\/site\/wp-content\/uploads\/2022\/11\/dpt.jpg 550w, https:\/\/informebahia.com\/site\/wp-content\/uploads\/2022\/11\/dpt-300x200.jpg 300w\" sizes=\"auto, (max-width: 550px) 100vw, 550px\" \/><figcaption>Moderniza\u00e7\u00e3o do Departamento de Pol\u00edcia T\u00e9cnica (DPT)\n\nFoto: El\u00f3i Corr\u00eaa\/GOV BA<\/figcaption><\/figure>\n<\/div>\n\n\n<p>Um homem de 26 anos foi morto a tiros por volta das 15h15 desta quinta-feira, 16\/02, na cidade de Candeal. Segundo informa\u00e7\u00f5es da Pol\u00edcia Militar, a v\u00edtima identificada como Sandro Balbino de Jesus estava trabalhando em uma rua pr\u00f3ximo ao centro da cidade quando foi alvejada por homens desconhecidos que chegaram em um ve\u00edculo de dados n\u00e3o anotados.<\/p>\n\n\n\n<p>Ainda segundo informa\u00e7\u00f5es, ap\u00f3s efetuarem os disparos os criminosos fugiram com destino ignorado. A PM fez rondas na regi\u00e3o, mas at\u00e9 a publica\u00e7\u00e3o dessa reportagem n\u00e3o havia localizado os suspeitos. A Pol\u00edcia Civil investigar\u00e1 a autoria e motiva\u00e7\u00e3o do crime.<\/p>\n\n\n\n<p class=\"has-text-align-right\">Via Ichu Noticias<\/p>\n","protected":false},"excerpt":{"rendered":"<p>Um homem de 26 anos foi morto a tiros por volta das 15h15 desta quinta-feira, 16\/02, na cidade de Candeal. Segundo informa\u00e7\u00f5es da Pol\u00edcia Militar, a v\u00edtima identificada como Sandro Balbino de Jesus estava trabalhando em uma rua pr\u00f3ximo ao centro da cidade quando foi alvejada por homens desconhecidos que chegaram em um ve\u00edculo de [&hellip;]<\/p>\n","protected":false},"author":2,"featured_media":14154,"comment_status":"closed","ping_status":"open","sticky":false,"template":"","format":"standard","meta":{"footnotes":""},"categories":[26],"tags":[],"class_list":["post-15908","post","type-post","status-publish","format-standard","has-post-thumbnail","hentry","category-fatospolicias"],"aioseo_notices":[],"_links":{"self":[{"href":"https:\/\/informebahia.com\/site\/wp-json\/wp\/v2\/posts\/15908","targetHints":{"allow":["GET"]}}],"collection":[{"href":"https:\/\/informebahia.com\/site\/wp-json\/wp\/v2\/posts"}],"about":[{"href":"https:\/\/informebahia.com\/site\/wp-json\/wp\/v2\/types\/post"}],"author":[{"embeddable":true,"href":"https:\/\/informebahia.com\/site\/wp-json\/wp\/v2\/users\/2"}],"replies":[{"embeddable":true,"href":"https:\/\/informebahia.com\/site\/wp-json\/wp\/v2\/comments?post=15908"}],"version-history":[{"count":1,"href":"https:\/\/informebahia.com\/site\/wp-json\/wp\/v2\/posts\/15908\/revisions"}],"predecessor-version":[{"id":15909,"href":"https:\/\/informebahia.com\/site\/wp-json\/wp\/v2\/posts\/15908\/revisions\/15909"}],"wp:featuredmedia":[{"embeddable":true,"href":"https:\/\/informebahia.com\/site\/wp-json\/wp\/v2\/media\/14154"}],"wp:attachment":[{"href":"https:\/\/informebahia.com\/site\/wp-json\/wp\/v2\/media?parent=15908"}],"wp:term":[{"taxonomy":"category","embeddable":true,"href":"https:\/\/informebahia.com\/site\/wp-json\/wp\/v2\/categories?post=15908"},{"taxonomy":"post_tag","embeddable":true,"href":"https:\/\/informebahia.com\/site\/wp-json\/wp\/v2\/tags?post=15908"}],"curies":[{"name":"wp","href":"https:\/\/api.w.org\/{rel}","templated":true}]}}