{"id":15940,"date":"2023-02-18T09:14:49","date_gmt":"2023-02-18T12:14:49","guid":{"rendered":"http:\/\/informebahia.com\/site\/?p=15940"},"modified":"2023-02-18T09:14:52","modified_gmt":"2023-02-18T12:14:52","slug":"ministro-da-cgu-diz-que-cartao-de-bolsonaro-tem-registro-de-vacina-contra-covid-orgao-apura-se-dado-e-real","status":"publish","type":"post","link":"https:\/\/informebahia.com\/site\/2023\/02\/18\/ministro-da-cgu-diz-que-cartao-de-bolsonaro-tem-registro-de-vacina-contra-covid-orgao-apura-se-dado-e-real\/","title":{"rendered":"Ministro da CGU diz que cart\u00e3o de Bolsonaro tem registro de vacina contra Covid; \u00f3rg\u00e3o apura se dado \u00e9 real"},"content":{"rendered":"<div class=\"wp-block-image\">\n<figure class=\"aligncenter size-full is-resized\"><img loading=\"lazy\" decoding=\"async\" src=\"https:\/\/informebahia.com\/site\/wp-content\/uploads\/2023\/02\/image-83.png\" alt=\"\" class=\"wp-image-15946\" width=\"448\" height=\"285\" srcset=\"https:\/\/informebahia.com\/site\/wp-content\/uploads\/2023\/02\/image-83.png 597w, https:\/\/informebahia.com\/site\/wp-content\/uploads\/2023\/02\/image-83-300x191.png 300w\" sizes=\"auto, (max-width: 448px) 100vw, 448px\" \/><figcaption>Foto: Fabio Rodrigues Pozzebom\/Ag\u00eancia Brasil<\/figcaption><\/figure>\n<\/div>\n\n\n<p>O ministro da Controladoria-Geral da Uni\u00e3o (CGU), Vinicius Carvalho, afirmou que o ex-presidente da Rep\u00fablica Jair Bolsonaro (PL) se vacinou contra a Covid-19 e isso foi registrado no cart\u00e3o de vacina\u00e7\u00e3o do liberal no dia 19 de julho de 2021, em S\u00e3o Paulo.&nbsp;<\/p>\n\n\n\n<p>O Minist\u00e9rio da Sa\u00fade recebeu um of\u00edcio da CGU para que d\u00ea informa\u00e7\u00f5es da origem do registro da dose no cart\u00e3o do ex-presidente.&nbsp;<\/p>\n\n\n\n<p>Bolsonaro que disse diversas vezes publicamente que n\u00e3o tomou a vacina chegou a decretar sigilo ao pr\u00f3prio cart\u00e3o de vacina\u00e7\u00e3o e qualquer informa\u00e7\u00e3o sobre as doses de vacinas que ele possa ter recebido, usando a justificativa de que se trata de informa\u00e7\u00e3o privada do ex-presidente.&nbsp;<\/p>\n\n\n\n<p>Ao assumir a presid\u00eancia, Luiz In\u00e1cio Lula da Silva (PT) determinou \u00e0 CGU que analisasse todos os sigilos impostos pelo governo Bolsonaro.\u00a0 <\/p>\n\n\n\n<p class=\"has-text-align-right\">*Bahia Not\u00edcias<\/p>\n","protected":false},"excerpt":{"rendered":"<p>O ministro da Controladoria-Geral da Uni\u00e3o (CGU), Vinicius Carvalho, afirmou que o ex-presidente da Rep\u00fablica Jair Bolsonaro (PL) se vacinou contra a Covid-19 e isso foi registrado no cart\u00e3o de vacina\u00e7\u00e3o do liberal no dia 19 de julho de 2021, em S\u00e3o Paulo.&nbsp; O Minist\u00e9rio da Sa\u00fade recebeu um of\u00edcio da CGU para que d\u00ea [&hellip;]<\/p>\n","protected":false},"author":2,"featured_media":15946,"comment_status":"closed","ping_status":"open","sticky":false,"template":"","format":"standard","meta":{"footnotes":""},"categories":[17],"tags":[],"class_list":["post-15940","post","type-post","status-publish","format-standard","has-post-thumbnail","hentry","category-politica"],"aioseo_notices":[],"_links":{"self":[{"href":"https:\/\/informebahia.com\/site\/wp-json\/wp\/v2\/posts\/15940","targetHints":{"allow":["GET"]}}],"collection":[{"href":"https:\/\/informebahia.com\/site\/wp-json\/wp\/v2\/posts"}],"about":[{"href":"https:\/\/informebahia.com\/site\/wp-json\/wp\/v2\/types\/post"}],"author":[{"embeddable":true,"href":"https:\/\/informebahia.com\/site\/wp-json\/wp\/v2\/users\/2"}],"replies":[{"embeddable":true,"href":"https:\/\/informebahia.com\/site\/wp-json\/wp\/v2\/comments?post=15940"}],"version-history":[{"count":1,"href":"https:\/\/informebahia.com\/site\/wp-json\/wp\/v2\/posts\/15940\/revisions"}],"predecessor-version":[{"id":15947,"href":"https:\/\/informebahia.com\/site\/wp-json\/wp\/v2\/posts\/15940\/revisions\/15947"}],"wp:featuredmedia":[{"embeddable":true,"href":"https:\/\/informebahia.com\/site\/wp-json\/wp\/v2\/media\/15946"}],"wp:attachment":[{"href":"https:\/\/informebahia.com\/site\/wp-json\/wp\/v2\/media?parent=15940"}],"wp:term":[{"taxonomy":"category","embeddable":true,"href":"https:\/\/informebahia.com\/site\/wp-json\/wp\/v2\/categories?post=15940"},{"taxonomy":"post_tag","embeddable":true,"href":"https:\/\/informebahia.com\/site\/wp-json\/wp\/v2\/tags?post=15940"}],"curies":[{"name":"wp","href":"https:\/\/api.w.org\/{rel}","templated":true}]}}