{"id":15954,"date":"2023-02-20T10:40:31","date_gmt":"2023-02-20T13:40:31","guid":{"rendered":"http:\/\/informebahia.com\/site\/?p=15954"},"modified":"2023-02-20T10:40:34","modified_gmt":"2023-02-20T13:40:34","slug":"prefeito-marcelo-araujo-inaugura-reforma-da-quadra-de-santa-rosa-nesta-quarta-feira-22","status":"publish","type":"post","link":"https:\/\/informebahia.com\/site\/2023\/02\/20\/prefeito-marcelo-araujo-inaugura-reforma-da-quadra-de-santa-rosa-nesta-quarta-feira-22\/","title":{"rendered":"Prefeito Marcelo Ara\u00fajo inaugura reforma da quadra de Santa Rosa nesta quarta-feira (22)"},"content":{"rendered":"<div class=\"wp-block-image\">\n<figure class=\"aligncenter size-full\"><img loading=\"lazy\" decoding=\"async\" width=\"600\" height=\"450\" src=\"https:\/\/informebahia.com\/site\/wp-content\/uploads\/2023\/02\/Imagem-do-WhatsApp-de-2023-02-20-as-08.50.49.jpg\" alt=\"\" class=\"wp-image-15955\" srcset=\"https:\/\/informebahia.com\/site\/wp-content\/uploads\/2023\/02\/Imagem-do-WhatsApp-de-2023-02-20-as-08.50.49.jpg 600w, https:\/\/informebahia.com\/site\/wp-content\/uploads\/2023\/02\/Imagem-do-WhatsApp-de-2023-02-20-as-08.50.49-300x225.jpg 300w, https:\/\/informebahia.com\/site\/wp-content\/uploads\/2023\/02\/Imagem-do-WhatsApp-de-2023-02-20-as-08.50.49-560x420.jpg 560w, https:\/\/informebahia.com\/site\/wp-content\/uploads\/2023\/02\/Imagem-do-WhatsApp-de-2023-02-20-as-08.50.49-80x60.jpg 80w, https:\/\/informebahia.com\/site\/wp-content\/uploads\/2023\/02\/Imagem-do-WhatsApp-de-2023-02-20-as-08.50.49-265x198.jpg 265w\" sizes=\"auto, (max-width: 600px) 100vw, 600px\" \/><\/figure>\n<\/div>\n\n\n<p>A Prefeitura de Concei\u00e7\u00e3o do Coit\u00e9, por meio da Secretaria de Educa\u00e7\u00e3o, realiza na pr\u00f3xima quarta-feira (22) a inaugura\u00e7\u00e3o da reforma da quadra de Santa Rosa. O evento ser\u00e1 realizado \u00e0s 19h, com a presen\u00e7a do prefeito Marcelo Ara\u00fajo, da secret\u00e1ria de Educa\u00e7\u00e3o Eug\u00eania Mateus e demais autoridades.<\/p>\n\n\n\n<p>\u201cNossa gest\u00e3o \u00e9 comprometida com a educa\u00e7\u00e3o. Por isso \u00e9 que investimos tanta na qualifica\u00e7\u00e3o profissional, na valoriza\u00e7\u00e3o dos professores, realizamos reformas em todas as unidades de ensino e estamos requalificando quadras esportivas, como essa de Santa Rosa\u201d, afirma Marcelo Ara\u00fajo,&nbsp;prefeito.<\/p>\n","protected":false},"excerpt":{"rendered":"<p>A Prefeitura de Concei\u00e7\u00e3o do Coit\u00e9, por meio da Secretaria de Educa\u00e7\u00e3o, realiza na pr\u00f3xima quarta-feira (22) a inaugura\u00e7\u00e3o da reforma da quadra de Santa Rosa. O evento ser\u00e1 realizado \u00e0s 19h, com a presen\u00e7a do prefeito Marcelo Ara\u00fajo, da secret\u00e1ria de Educa\u00e7\u00e3o Eug\u00eania Mateus e demais autoridades. \u201cNossa gest\u00e3o \u00e9 comprometida com a educa\u00e7\u00e3o. [&hellip;]<\/p>\n","protected":false},"author":2,"featured_media":15955,"comment_status":"closed","ping_status":"open","sticky":false,"template":"","format":"standard","meta":{"footnotes":""},"categories":[2],"tags":[],"class_list":["post-15954","post","type-post","status-publish","format-standard","has-post-thumbnail","hentry","category-destaq"],"aioseo_notices":[],"_links":{"self":[{"href":"https:\/\/informebahia.com\/site\/wp-json\/wp\/v2\/posts\/15954","targetHints":{"allow":["GET"]}}],"collection":[{"href":"https:\/\/informebahia.com\/site\/wp-json\/wp\/v2\/posts"}],"about":[{"href":"https:\/\/informebahia.com\/site\/wp-json\/wp\/v2\/types\/post"}],"author":[{"embeddable":true,"href":"https:\/\/informebahia.com\/site\/wp-json\/wp\/v2\/users\/2"}],"replies":[{"embeddable":true,"href":"https:\/\/informebahia.com\/site\/wp-json\/wp\/v2\/comments?post=15954"}],"version-history":[{"count":1,"href":"https:\/\/informebahia.com\/site\/wp-json\/wp\/v2\/posts\/15954\/revisions"}],"predecessor-version":[{"id":15956,"href":"https:\/\/informebahia.com\/site\/wp-json\/wp\/v2\/posts\/15954\/revisions\/15956"}],"wp:featuredmedia":[{"embeddable":true,"href":"https:\/\/informebahia.com\/site\/wp-json\/wp\/v2\/media\/15955"}],"wp:attachment":[{"href":"https:\/\/informebahia.com\/site\/wp-json\/wp\/v2\/media?parent=15954"}],"wp:term":[{"taxonomy":"category","embeddable":true,"href":"https:\/\/informebahia.com\/site\/wp-json\/wp\/v2\/categories?post=15954"},{"taxonomy":"post_tag","embeddable":true,"href":"https:\/\/informebahia.com\/site\/wp-json\/wp\/v2\/tags?post=15954"}],"curies":[{"name":"wp","href":"https:\/\/api.w.org\/{rel}","templated":true}]}}