{"id":16199,"date":"2023-03-05T15:18:17","date_gmt":"2023-03-05T18:18:17","guid":{"rendered":"http:\/\/informebahia.com\/site\/?p=16199"},"modified":"2023-03-05T15:18:20","modified_gmt":"2023-03-05T18:18:20","slug":"mototaxista-fica-ferido-apos-perder-controle-do-veiculo-e-cair-em-conceicao-do-coite","status":"publish","type":"post","link":"https:\/\/informebahia.com\/site\/2023\/03\/05\/mototaxista-fica-ferido-apos-perder-controle-do-veiculo-e-cair-em-conceicao-do-coite\/","title":{"rendered":"Mototaxista fica ferido ap\u00f3s perder controle do ve\u00edculo e cair em Concei\u00e7\u00e3o do Coit\u00e9"},"content":{"rendered":"<div class=\"wp-block-image\">\n<figure class=\"aligncenter size-full\"><img loading=\"lazy\" decoding=\"async\" width=\"600\" height=\"395\" src=\"https:\/\/informebahia.com\/site\/wp-content\/uploads\/2023\/03\/Imagem-do-WhatsApp-de-2023-03-05-as-14.13.21-1.jpg\" alt=\"\" class=\"wp-image-16201\" srcset=\"https:\/\/informebahia.com\/site\/wp-content\/uploads\/2023\/03\/Imagem-do-WhatsApp-de-2023-03-05-as-14.13.21-1.jpg 600w, https:\/\/informebahia.com\/site\/wp-content\/uploads\/2023\/03\/Imagem-do-WhatsApp-de-2023-03-05-as-14.13.21-1-300x198.jpg 300w\" sizes=\"auto, (max-width: 600px) 100vw, 600px\" \/><\/figure>\n<\/div>\n\n\n<p>Por volta das 14h deste domingo (5), uma equipe de socorrista \u00c1guia Resgate foi acionada para socorrer um homem que ficou ferido ap\u00f3s sofrer uma queda de moto ao passar por um quebra-molas, fato ocorrido na sa\u00edda para o distrito de Aroeira, em Concei\u00e7\u00e3o do Coit\u00e9.<\/p>\n\n\n\n<p>Gildo Carneiro, que \u00e9 coordenador do projeto disse ao Informe Bahia que, a v\u00edtima foi identificada como Josemar dos Santos Oliveira, morador na comunidade de Samba\u00edba, o mesmo \u00e9 mototaxista e ficou com alguns ferimentos, sendo encaminhado para o hospital da cidade.<\/p>\n","protected":false},"excerpt":{"rendered":"<p>Por volta das 14h deste domingo (5), uma equipe de socorrista \u00c1guia Resgate foi acionada para socorrer um homem que ficou ferido ap\u00f3s sofrer uma queda de moto ao passar por um quebra-molas, fato ocorrido na sa\u00edda para o distrito de Aroeira, em Concei\u00e7\u00e3o do Coit\u00e9. Gildo Carneiro, que \u00e9 coordenador do projeto disse ao [&hellip;]<\/p>\n","protected":false},"author":2,"featured_media":16201,"comment_status":"closed","ping_status":"open","sticky":false,"template":"","format":"standard","meta":{"footnotes":""},"categories":[2],"tags":[],"class_list":["post-16199","post","type-post","status-publish","format-standard","has-post-thumbnail","hentry","category-destaq"],"aioseo_notices":[],"_links":{"self":[{"href":"https:\/\/informebahia.com\/site\/wp-json\/wp\/v2\/posts\/16199","targetHints":{"allow":["GET"]}}],"collection":[{"href":"https:\/\/informebahia.com\/site\/wp-json\/wp\/v2\/posts"}],"about":[{"href":"https:\/\/informebahia.com\/site\/wp-json\/wp\/v2\/types\/post"}],"author":[{"embeddable":true,"href":"https:\/\/informebahia.com\/site\/wp-json\/wp\/v2\/users\/2"}],"replies":[{"embeddable":true,"href":"https:\/\/informebahia.com\/site\/wp-json\/wp\/v2\/comments?post=16199"}],"version-history":[{"count":1,"href":"https:\/\/informebahia.com\/site\/wp-json\/wp\/v2\/posts\/16199\/revisions"}],"predecessor-version":[{"id":16202,"href":"https:\/\/informebahia.com\/site\/wp-json\/wp\/v2\/posts\/16199\/revisions\/16202"}],"wp:featuredmedia":[{"embeddable":true,"href":"https:\/\/informebahia.com\/site\/wp-json\/wp\/v2\/media\/16201"}],"wp:attachment":[{"href":"https:\/\/informebahia.com\/site\/wp-json\/wp\/v2\/media?parent=16199"}],"wp:term":[{"taxonomy":"category","embeddable":true,"href":"https:\/\/informebahia.com\/site\/wp-json\/wp\/v2\/categories?post=16199"},{"taxonomy":"post_tag","embeddable":true,"href":"https:\/\/informebahia.com\/site\/wp-json\/wp\/v2\/tags?post=16199"}],"curies":[{"name":"wp","href":"https:\/\/api.w.org\/{rel}","templated":true}]}}