{"id":16216,"date":"2023-03-06T11:54:50","date_gmt":"2023-03-06T14:54:50","guid":{"rendered":"http:\/\/informebahia.com\/site\/?p=16216"},"modified":"2023-03-06T11:54:53","modified_gmt":"2023-03-06T14:54:53","slug":"joao-roma-diz-que-e-possivel-que-seja-candidato-a-prefeitura-de-salvador-em-2024-mas-nao-descarta-apoio-a-bruno","status":"publish","type":"post","link":"https:\/\/informebahia.com\/site\/2023\/03\/06\/joao-roma-diz-que-e-possivel-que-seja-candidato-a-prefeitura-de-salvador-em-2024-mas-nao-descarta-apoio-a-bruno\/","title":{"rendered":"Jo\u00e3o Roma diz que \u201c\u00e9 poss\u00edvel\u201d que seja candidato \u00e0 Prefeitura de Salvador em 2024, mas n\u00e3o descarta apoio a Bruno"},"content":{"rendered":"<div class=\"wp-block-image\">\n<figure class=\"aligncenter size-full\"><img loading=\"lazy\" decoding=\"async\" width=\"470\" height=\"321\" src=\"https:\/\/informebahia.com\/site\/wp-content\/uploads\/2023\/03\/Joao-Roma.jpg\" alt=\"\" class=\"wp-image-16217\" srcset=\"https:\/\/informebahia.com\/site\/wp-content\/uploads\/2023\/03\/Joao-Roma.jpg 470w, https:\/\/informebahia.com\/site\/wp-content\/uploads\/2023\/03\/Joao-Roma-300x205.jpg 300w, https:\/\/informebahia.com\/site\/wp-content\/uploads\/2023\/03\/Joao-Roma-218x150.jpg 218w\" sizes=\"auto, (max-width: 470px) 100vw, 470px\" \/><figcaption><em>Foto: Reprodu\u00e7\u00e3o<\/em><\/figcaption><\/figure>\n<\/div>\n\n\n<p>O presidente do PL na Bahia, Jo\u00e3o Roma, durante entrevista \u00e0 r\u00e1dio Brado, nesta segunda-feira (6), disse que n\u00e3o est\u00e1 descartada uma candidatura para a Prefeitura de Salvador em 2024. No entanto, o ex-deputado federal n\u00e3o negou que a sigla possa apoiar a reelei\u00e7\u00e3o de Bruno Reis (UB).<\/p>\n\n\n\n<p>\u201cEu tenho uma miss\u00e3o que est\u00e1 muito clara, que \u00e9 de fortalecer o PL no estado da Bahia. Sobre 2024, na Prefeitura de Salvador, n\u00e3o est\u00e1 definido. \u00c9 poss\u00edvel que eu seja candidato, mas n\u00e3o est\u00e1 definido. Temos doutora Raissa, Capit\u00e3o Alden, Roberta Roma, temos Diego e Leandro se manifestando, pessoas que querem representar pessoas que deram recado claro nas \u00faltimas elei\u00e7\u00f5es\u201d, disse o ex-deputado federal.<\/p>\n\n\n\n<p>\u201cPodemos sentar na mesa, definir algo em conjunto, desde que as nossas bandeiras sejam abra\u00e7adas. N\u00e3o h\u00e1 dificuldade, desde que em pilares muito objetivos. Voc\u00ea n\u00e3o viu um tra\u00e7o do PL na reforma, n\u00e3o \u00e9 por \u2018toma l\u00e1 d\u00e1 c\u00e1&#8217;\u201d, completou, quando perguntado sobre um poss\u00edvel apoio a Bruno.<\/p>\n\n\n\n<p>Questionado se sabe quando o ex-presidente Jair Bolsonaro (PL) retornar\u00e1 ao Brasil, Roma disse que \u201cn\u00e3o faz ideia\u201d, e que n\u00e3o duvida de que a pr\u00f3pria ex-primeira-dama Michelle Bolsonaro n\u00e3o saiba da data.<\/p>\n\n\n\n<p>\u201cEu n\u00e3o tenho a menor ideia. Eu e Roberta estivemos em um jantar com a Michelle Bolsonaro, e talvez nem ela mesmo saiba (quando ele volta). Ele \u00e9 muito espont\u00e2neo, n\u00e3o sabemos dizer\u201d, pontuou.<\/p>\n\n\n\n<p class=\"has-text-align-right\">*Pol\u00edtica Livre<\/p>\n","protected":false},"excerpt":{"rendered":"<p>O presidente do PL na Bahia, Jo\u00e3o Roma, durante entrevista \u00e0 r\u00e1dio Brado, nesta segunda-feira (6), disse que n\u00e3o est\u00e1 descartada uma candidatura para a Prefeitura de Salvador em 2024. No entanto, o ex-deputado federal n\u00e3o negou que a sigla possa apoiar a reelei\u00e7\u00e3o de Bruno Reis (UB). \u201cEu tenho uma miss\u00e3o que est\u00e1 muito [&hellip;]<\/p>\n","protected":false},"author":2,"featured_media":16217,"comment_status":"closed","ping_status":"open","sticky":false,"template":"","format":"standard","meta":{"footnotes":""},"categories":[17],"tags":[],"class_list":["post-16216","post","type-post","status-publish","format-standard","has-post-thumbnail","hentry","category-politica"],"aioseo_notices":[],"_links":{"self":[{"href":"https:\/\/informebahia.com\/site\/wp-json\/wp\/v2\/posts\/16216","targetHints":{"allow":["GET"]}}],"collection":[{"href":"https:\/\/informebahia.com\/site\/wp-json\/wp\/v2\/posts"}],"about":[{"href":"https:\/\/informebahia.com\/site\/wp-json\/wp\/v2\/types\/post"}],"author":[{"embeddable":true,"href":"https:\/\/informebahia.com\/site\/wp-json\/wp\/v2\/users\/2"}],"replies":[{"embeddable":true,"href":"https:\/\/informebahia.com\/site\/wp-json\/wp\/v2\/comments?post=16216"}],"version-history":[{"count":1,"href":"https:\/\/informebahia.com\/site\/wp-json\/wp\/v2\/posts\/16216\/revisions"}],"predecessor-version":[{"id":16218,"href":"https:\/\/informebahia.com\/site\/wp-json\/wp\/v2\/posts\/16216\/revisions\/16218"}],"wp:featuredmedia":[{"embeddable":true,"href":"https:\/\/informebahia.com\/site\/wp-json\/wp\/v2\/media\/16217"}],"wp:attachment":[{"href":"https:\/\/informebahia.com\/site\/wp-json\/wp\/v2\/media?parent=16216"}],"wp:term":[{"taxonomy":"category","embeddable":true,"href":"https:\/\/informebahia.com\/site\/wp-json\/wp\/v2\/categories?post=16216"},{"taxonomy":"post_tag","embeddable":true,"href":"https:\/\/informebahia.com\/site\/wp-json\/wp\/v2\/tags?post=16216"}],"curies":[{"name":"wp","href":"https:\/\/api.w.org\/{rel}","templated":true}]}}