{"id":16228,"date":"2023-03-07T11:39:20","date_gmt":"2023-03-07T14:39:20","guid":{"rendered":"http:\/\/informebahia.com\/site\/?p=16228"},"modified":"2023-03-07T11:49:00","modified_gmt":"2023-03-07T14:49:00","slug":"prefeitura-de-conceicao-do-coite-realiza-seminario-do-programa-de-aquisicao-de-alimentos-para-agricultores-locais","status":"publish","type":"post","link":"https:\/\/informebahia.com\/site\/2023\/03\/07\/prefeitura-de-conceicao-do-coite-realiza-seminario-do-programa-de-aquisicao-de-alimentos-para-agricultores-locais\/","title":{"rendered":"Prefeitura de Concei\u00e7\u00e3o do Coit\u00e9 realiza Semin\u00e1rio do Programa de Aquisi\u00e7\u00e3o de Alimentos para agricultores locais"},"content":{"rendered":"<div class=\"wp-block-image\">\n<figure class=\"aligncenter size-large is-resized td-caption-align-https:\/\/informebahia.com\/site\/wp-content\/uploads\/2023\/03\/Imagem-do-WhatsApp-de-2023-03-07-as-11.33.19-1.jpg\"><img loading=\"lazy\" decoding=\"async\" src=\"https:\/\/informebahia.com\/site\/wp-content\/uploads\/2023\/03\/Imagem-do-WhatsApp-de-2023-03-07-as-11.33.19-1-1024x640.jpg\" alt=\"\" class=\"wp-image-16232\" width=\"564\" height=\"347\"\/><\/figure>\n<\/div>\n\n\n<p>Na \u00faltima segunda-feira (6), a Prefeitura de Concei\u00e7\u00e3o do Coit\u00e9 promoveu o Semin\u00e1rio do Programa de Aquisi\u00e7\u00e3o de Alimentos para os agricultores da regi\u00e3o. O evento teve como objetivo fortalecer e apresentar aos produtores locais as diretrizes e oportunidades do programa, novas formas de aquisi\u00e7\u00e3o, instru\u00e7\u00f5es dos manuseios dos alimentos e tamb\u00e9m a sua distribui\u00e7\u00e3o, pela gest\u00e3o municipal atrav\u00e9s da Secretaria de Assist\u00eancia Social, em parceria com a Secretaria de Agricultura.<\/p>\n\n\n\n<p>Durante o evento, os agricultores tiveram a oportunidade de conhecer melhor as regras e condi\u00e7\u00f5es para participar do programa, al\u00e9m de esclarecer d\u00favidas e compartilhar experi\u00eancias com outros produtores. Tamb\u00e9m foram apresentadas as metas e objetivos do programa para este ano.<\/p>\n\n\n<div class=\"wp-block-image\">\n<figure class=\"aligncenter size-large td-caption-align-https:\/\/informebahia.com\/site\/wp-content\/uploads\/2023\/03\/Imagem-do-WhatsApp-de-2023-03-07-as-11.33.18.jpg\"><img loading=\"lazy\" decoding=\"async\" width=\"1024\" height=\"640\" src=\"https:\/\/informebahia.com\/site\/wp-content\/uploads\/2023\/03\/Imagem-do-WhatsApp-de-2023-03-07-as-11.33.18-1024x640.jpg\" alt=\"\" class=\"wp-image-16234\" srcset=\"https:\/\/informebahia.com\/site\/wp-content\/uploads\/2023\/03\/Imagem-do-WhatsApp-de-2023-03-07-as-11.33.18-1024x640.jpg 1024w, https:\/\/informebahia.com\/site\/wp-content\/uploads\/2023\/03\/Imagem-do-WhatsApp-de-2023-03-07-as-11.33.18-300x188.jpg 300w, https:\/\/informebahia.com\/site\/wp-content\/uploads\/2023\/03\/Imagem-do-WhatsApp-de-2023-03-07-as-11.33.18-768x480.jpg 768w, https:\/\/informebahia.com\/site\/wp-content\/uploads\/2023\/03\/Imagem-do-WhatsApp-de-2023-03-07-as-11.33.18-1536x960.jpg 1536w, https:\/\/informebahia.com\/site\/wp-content\/uploads\/2023\/03\/Imagem-do-WhatsApp-de-2023-03-07-as-11.33.18-696x435.jpg 696w, https:\/\/informebahia.com\/site\/wp-content\/uploads\/2023\/03\/Imagem-do-WhatsApp-de-2023-03-07-as-11.33.18-1068x668.jpg 1068w, https:\/\/informebahia.com\/site\/wp-content\/uploads\/2023\/03\/Imagem-do-WhatsApp-de-2023-03-07-as-11.33.18-672x420.jpg 672w, https:\/\/informebahia.com\/site\/wp-content\/uploads\/2023\/03\/Imagem-do-WhatsApp-de-2023-03-07-as-11.33.18.jpg 1600w\" sizes=\"auto, (max-width: 1024px) 100vw, 1024px\" \/><\/figure>\n<\/div>\n\n\n<p>Para o prefeito Marcelo Ara\u00fajo, a import\u00e2ncia do programa est\u00e1 na possibilidade de desenvolvimento econ\u00f4mico e social da cidade. &#8220;Com o PAA, podemos fortalecer a agricultura familiar ainda mais, gerar renda e emprego para as fam\u00edlias do campo e garantir a oferta de alimentos saud\u00e1veis e de qualidade para a popula\u00e7\u00e3o. \u00c9 uma pol\u00edtica p\u00fablica que beneficia a todos&#8221;, afirmou o prefeito.<\/p>\n\n\n\n<p>O Semin\u00e1rio do Programa de Aquisi\u00e7\u00e3o de Alimentos contou com a participa\u00e7\u00e3o de mais de 50 agricultores locais. A expectativa \u00e9 que a iniciativa contribua para fortalecer a produ\u00e7\u00e3o local, aumentar a renda dos produtores e melhorar a oferta de alimentos para&nbsp;a&nbsp;popula\u00e7\u00e3o.<\/p>\n","protected":false},"excerpt":{"rendered":"<p>Na \u00faltima segunda-feira (6), a Prefeitura de Concei\u00e7\u00e3o do Coit\u00e9 promoveu o Semin\u00e1rio do Programa de Aquisi\u00e7\u00e3o de Alimentos para os agricultores da regi\u00e3o. O evento teve como objetivo fortalecer e apresentar aos produtores locais as diretrizes e oportunidades do programa, novas formas de aquisi\u00e7\u00e3o, instru\u00e7\u00f5es dos manuseios dos alimentos e tamb\u00e9m a sua distribui\u00e7\u00e3o, [&hellip;]<\/p>\n","protected":false},"author":2,"featured_media":16231,"comment_status":"closed","ping_status":"open","sticky":false,"template":"","format":"standard","meta":{"footnotes":""},"categories":[2],"tags":[],"class_list":["post-16228","post","type-post","status-publish","format-standard","has-post-thumbnail","hentry","category-destaq"],"aioseo_notices":[],"_links":{"self":[{"href":"https:\/\/informebahia.com\/site\/wp-json\/wp\/v2\/posts\/16228","targetHints":{"allow":["GET"]}}],"collection":[{"href":"https:\/\/informebahia.com\/site\/wp-json\/wp\/v2\/posts"}],"about":[{"href":"https:\/\/informebahia.com\/site\/wp-json\/wp\/v2\/types\/post"}],"author":[{"embeddable":true,"href":"https:\/\/informebahia.com\/site\/wp-json\/wp\/v2\/users\/2"}],"replies":[{"embeddable":true,"href":"https:\/\/informebahia.com\/site\/wp-json\/wp\/v2\/comments?post=16228"}],"version-history":[{"count":2,"href":"https:\/\/informebahia.com\/site\/wp-json\/wp\/v2\/posts\/16228\/revisions"}],"predecessor-version":[{"id":16235,"href":"https:\/\/informebahia.com\/site\/wp-json\/wp\/v2\/posts\/16228\/revisions\/16235"}],"wp:featuredmedia":[{"embeddable":true,"href":"https:\/\/informebahia.com\/site\/wp-json\/wp\/v2\/media\/16231"}],"wp:attachment":[{"href":"https:\/\/informebahia.com\/site\/wp-json\/wp\/v2\/media?parent=16228"}],"wp:term":[{"taxonomy":"category","embeddable":true,"href":"https:\/\/informebahia.com\/site\/wp-json\/wp\/v2\/categories?post=16228"},{"taxonomy":"post_tag","embeddable":true,"href":"https:\/\/informebahia.com\/site\/wp-json\/wp\/v2\/tags?post=16228"}],"curies":[{"name":"wp","href":"https:\/\/api.w.org\/{rel}","templated":true}]}}