{"id":16236,"date":"2023-03-07T12:58:57","date_gmt":"2023-03-07T15:58:57","guid":{"rendered":"http:\/\/informebahia.com\/site\/?p=16236"},"modified":"2023-03-07T12:59:03","modified_gmt":"2023-03-07T15:59:03","slug":"prefeito-e-vice-divulgam-as-primeiras-atracoes-confirmadas-no-sao-joao-de-riachao-do-jacuipe","status":"publish","type":"post","link":"https:\/\/informebahia.com\/site\/2023\/03\/07\/prefeito-e-vice-divulgam-as-primeiras-atracoes-confirmadas-no-sao-joao-de-riachao-do-jacuipe\/","title":{"rendered":"Prefeito e vice divulgam as primeiras atra\u00e7\u00f5es confirmadas no S\u00e3o Jo\u00e3o de Riach\u00e3o do Jacu\u00edpe"},"content":{"rendered":"<div class=\"wp-block-image\">\n<figure class=\"aligncenter size-full\"><img loading=\"lazy\" decoding=\"async\" width=\"600\" height=\"429\" src=\"https:\/\/informebahia.com\/site\/wp-content\/uploads\/2023\/03\/WhatsApp-Image-2023-03-07-at-12.29.33-1140x815-1.jpeg\" alt=\"\" class=\"wp-image-16237\" srcset=\"https:\/\/informebahia.com\/site\/wp-content\/uploads\/2023\/03\/WhatsApp-Image-2023-03-07-at-12.29.33-1140x815-1.jpeg 600w, https:\/\/informebahia.com\/site\/wp-content\/uploads\/2023\/03\/WhatsApp-Image-2023-03-07-at-12.29.33-1140x815-1-300x215.jpeg 300w, https:\/\/informebahia.com\/site\/wp-content\/uploads\/2023\/03\/WhatsApp-Image-2023-03-07-at-12.29.33-1140x815-1-587x420.jpeg 587w\" sizes=\"auto, (max-width: 600px) 100vw, 600px\" \/><\/figure>\n<\/div>\n\n\n<p>Foram divulgadas, nesta ter\u00e7a-feira (07), as atra\u00e7\u00f5es confirmadas para o S\u00e3o Jo\u00e3o de R. do Jacu\u00edpe, no Territ\u00f3rio da Bacia do Jacu\u00edpe. O evento, conhecido como um dos melhores festejos juninos do estado, acontece entre os dias 22 e 25 de junho.<\/p>\n\n\n\n<p>O an\u00fancio foi feito pelo prefeito Carlos Matos durante uma entrevista coletiva na sede do poder executivo. De acordo com o gestor, o S\u00e3o Jo\u00e3o mais uma vez ir\u00e1 movimentar o com\u00e9rcio local deixando uma renda consider\u00e1vel em todos os setores da economia.<\/p>\n\n\n\n<p>Com um sucesso de p\u00fablico em 2022, o prefeito espera que esse n\u00famero de visitantes aumente ainda mais. \u201d Mais uma vez estamos antecipando o an\u00fancio das principais atra\u00e7\u00f5es, para que o nosso com\u00e9rcio e toda rede hoteleira do munic\u00edpio possa se preparar para este que \u00e9 o principal evento da nossa cidade\u201d, disse.<\/p>\n\n\n\n<p>Uma das novidades este ano \u00e9 a presen\u00e7a da Rural El\u00e9trica Puxando a Alvorada ao som da Banda Flor Serena.<\/p>\n\n\n\n<p><strong>Confira as atra\u00e7\u00f5es:<\/strong><\/p>\n\n\n\n<p><strong>22\/06&nbsp;<\/strong><\/p>\n\n\n\n<p>ALVORADA \u2013 Flor Serena \u2013 Rural El\u00e9trica<\/p>\n\n\n\n<p>Marcia Felipe<\/p>\n\n\n\n<p>Mari&nbsp;Fernandes<\/p>\n\n\n\n<p><strong>23\/06<\/strong><\/p>\n\n\n\n<p>Ful\u00f4 de Mandacaru<\/p>\n\n\n\n<p>Michel Tel\u00f3<\/p>\n\n\n\n<p>Calcinha&nbsp;Preta<\/p>\n\n\n\n<p><strong>24\/06&nbsp;<\/strong><\/p>\n\n\n\n<p>Adelm\u00e1rio Coelho<\/p>\n\n\n\n<p>Rai Saia&nbsp;Rodada<\/p>\n\n\n\n<p>25\/06<\/p>\n\n\n\n<p>Del Feliz<\/p>\n\n\n\n<p>Z\u00e9 Vaqueiro<\/p>\n\n\n\n<p>Tayrone<\/p>\n\n\n\n<p class=\"has-text-align-right\">Fonte: Jacu\u00edpe News<\/p>\n","protected":false},"excerpt":{"rendered":"<p>Foram divulgadas, nesta ter\u00e7a-feira (07), as atra\u00e7\u00f5es confirmadas para o S\u00e3o Jo\u00e3o de R. do Jacu\u00edpe, no Territ\u00f3rio da Bacia do Jacu\u00edpe. O evento, conhecido como um dos melhores festejos juninos do estado, acontece entre os dias 22 e 25 de junho. O an\u00fancio foi feito pelo prefeito Carlos Matos durante uma entrevista coletiva na [&hellip;]<\/p>\n","protected":false},"author":2,"featured_media":16237,"comment_status":"closed","ping_status":"open","sticky":false,"template":"","format":"standard","meta":{"footnotes":""},"categories":[2],"tags":[],"class_list":["post-16236","post","type-post","status-publish","format-standard","has-post-thumbnail","hentry","category-destaq"],"aioseo_notices":[],"_links":{"self":[{"href":"https:\/\/informebahia.com\/site\/wp-json\/wp\/v2\/posts\/16236","targetHints":{"allow":["GET"]}}],"collection":[{"href":"https:\/\/informebahia.com\/site\/wp-json\/wp\/v2\/posts"}],"about":[{"href":"https:\/\/informebahia.com\/site\/wp-json\/wp\/v2\/types\/post"}],"author":[{"embeddable":true,"href":"https:\/\/informebahia.com\/site\/wp-json\/wp\/v2\/users\/2"}],"replies":[{"embeddable":true,"href":"https:\/\/informebahia.com\/site\/wp-json\/wp\/v2\/comments?post=16236"}],"version-history":[{"count":1,"href":"https:\/\/informebahia.com\/site\/wp-json\/wp\/v2\/posts\/16236\/revisions"}],"predecessor-version":[{"id":16238,"href":"https:\/\/informebahia.com\/site\/wp-json\/wp\/v2\/posts\/16236\/revisions\/16238"}],"wp:featuredmedia":[{"embeddable":true,"href":"https:\/\/informebahia.com\/site\/wp-json\/wp\/v2\/media\/16237"}],"wp:attachment":[{"href":"https:\/\/informebahia.com\/site\/wp-json\/wp\/v2\/media?parent=16236"}],"wp:term":[{"taxonomy":"category","embeddable":true,"href":"https:\/\/informebahia.com\/site\/wp-json\/wp\/v2\/categories?post=16236"},{"taxonomy":"post_tag","embeddable":true,"href":"https:\/\/informebahia.com\/site\/wp-json\/wp\/v2\/tags?post=16236"}],"curies":[{"name":"wp","href":"https:\/\/api.w.org\/{rel}","templated":true}]}}