{"id":16240,"date":"2023-03-07T13:49:52","date_gmt":"2023-03-07T16:49:52","guid":{"rendered":"http:\/\/informebahia.com\/site\/?p=16240"},"modified":"2023-03-07T13:49:57","modified_gmt":"2023-03-07T16:49:57","slug":"por-adesao-do-uniao-brasil-a-gestao-lula-pt-pode-nao-ter-candidatura-em-salvador-entenda-mais","status":"publish","type":"post","link":"https:\/\/informebahia.com\/site\/2023\/03\/07\/por-adesao-do-uniao-brasil-a-gestao-lula-pt-pode-nao-ter-candidatura-em-salvador-entenda-mais\/","title":{"rendered":"Por ades\u00e3o do Uni\u00e3o Brasil \u00e0 gest\u00e3o Lula, PT pode n\u00e3o ter candidatura em Salvador; entenda mais"},"content":{"rendered":"<div class=\"wp-block-image\">\n<figure class=\"aligncenter size-full\"><img loading=\"lazy\" decoding=\"async\" width=\"597\" height=\"380\" src=\"https:\/\/informebahia.com\/site\/wp-content\/uploads\/2023\/03\/IMAGEM_NOTICIA_5-1.webp\" alt=\"\" class=\"wp-image-16241\" srcset=\"https:\/\/informebahia.com\/site\/wp-content\/uploads\/2023\/03\/IMAGEM_NOTICIA_5-1.webp 597w, https:\/\/informebahia.com\/site\/wp-content\/uploads\/2023\/03\/IMAGEM_NOTICIA_5-1-300x191.webp 300w\" sizes=\"auto, (max-width: 597px) 100vw, 597px\" \/><\/figure>\n<\/div>\n\n\n<p>O principal opositor do grupo liderado pelo ex-prefeito ACM Neto (Uni\u00e3o) em Salvador, o PT, pode n\u00e3o disputar a prefeitura da capital baiana. Informa\u00e7\u00f5es obtidas pelo Bahia Not\u00edcias com lideran\u00e7as da legenda indicam que o movimento pode sofrer interven\u00e7\u00f5es federais.\u00a0<\/p>\n\n\n\n<p>Interlocutores do partido sinalizaram que a tentativa da gest\u00e3o do presidente Luiz In\u00e1cio Lula da Silva (PT) em cooptar o Uni\u00e3o Brasil para a base na C\u00e2mara dos Deputados pode influenciar na coloca\u00e7\u00e3o de nomes para a disputa nas prefeituras. Com a chegada do partido no arco de sustenta\u00e7\u00e3o, o Partido dos Trabalhadores n\u00e3o colocaria um nome na principal cidade baiana.\u00a0<\/p>\n\n\n\n<p>Nas \u00faltimas elei\u00e7\u00f5es, o grupo liderado pelo ent\u00e3o governador Rui Costa (PT) colocou em pr\u00e1tica a estrat\u00e9gia de pulveriza\u00e7\u00e3o da base aliada, incluindo o da candidata do partido, Denice Santiago. O movimento culminou com a elei\u00e7\u00e3o de Bruno Reis (Uni\u00e3o), sucessor do chefe do executivo soteropolitano ACM Neto.&nbsp;<\/p>\n\n\n\n<p>Segundo as mesmas lideran\u00e7as, a ideia pode ser &#8220;colocar um vice&#8221; em uma das candidaturas que orbitam a base. &#8220;Se Bruno Reis vai ser candidato da base de Lula, por que vou colocar algu\u00e9m para perder?&#8221;, questionou uma das lideran\u00e7as.<\/p>\n\n\n\n<p>Outro ponto que pode refor\u00e7ar o movimento \u00e9 a vontade do grupo em retomar a hegemonia em outras cidades da Bahia. O grupo estaria vendo a necessidade de assumir o comando de grandes cidades da Bahia, como Feira de Santana e Vit\u00f3ria da Conquista. &#8220;A mat\u00e9ria seria essa, ao inv\u00e9s de Salvador\u201d, indicou outra lideran\u00e7a.<\/p>\n\n\n\n<p>O PT j\u00e1 realizou a primeira reuni\u00e3o juntamente com a federa\u00e7\u00e3o que comp\u00f5e, integrada ainda por PCdoB e PV. O grupo j\u00e1 deve come\u00e7ar a afunilar os debates sobre as elei\u00e7\u00f5es municipais de 2024 e aprofundar as articula\u00e7\u00f5es para o interior do estado.\u00a0<\/p>\n\n\n\n<p class=\"has-text-align-right\">Fonte: Bahia Noticias<\/p>\n","protected":false},"excerpt":{"rendered":"<p>O principal opositor do grupo liderado pelo ex-prefeito ACM Neto (Uni\u00e3o) em Salvador, o PT, pode n\u00e3o disputar a prefeitura da capital baiana. Informa\u00e7\u00f5es obtidas pelo Bahia Not\u00edcias com lideran\u00e7as da legenda indicam que o movimento pode sofrer interven\u00e7\u00f5es federais.\u00a0 Interlocutores do partido sinalizaram que a tentativa da gest\u00e3o do presidente Luiz In\u00e1cio Lula da [&hellip;]<\/p>\n","protected":false},"author":2,"featured_media":16241,"comment_status":"closed","ping_status":"open","sticky":false,"template":"","format":"standard","meta":{"footnotes":""},"categories":[17],"tags":[],"class_list":["post-16240","post","type-post","status-publish","format-standard","has-post-thumbnail","hentry","category-politica"],"aioseo_notices":[],"_links":{"self":[{"href":"https:\/\/informebahia.com\/site\/wp-json\/wp\/v2\/posts\/16240","targetHints":{"allow":["GET"]}}],"collection":[{"href":"https:\/\/informebahia.com\/site\/wp-json\/wp\/v2\/posts"}],"about":[{"href":"https:\/\/informebahia.com\/site\/wp-json\/wp\/v2\/types\/post"}],"author":[{"embeddable":true,"href":"https:\/\/informebahia.com\/site\/wp-json\/wp\/v2\/users\/2"}],"replies":[{"embeddable":true,"href":"https:\/\/informebahia.com\/site\/wp-json\/wp\/v2\/comments?post=16240"}],"version-history":[{"count":1,"href":"https:\/\/informebahia.com\/site\/wp-json\/wp\/v2\/posts\/16240\/revisions"}],"predecessor-version":[{"id":16242,"href":"https:\/\/informebahia.com\/site\/wp-json\/wp\/v2\/posts\/16240\/revisions\/16242"}],"wp:featuredmedia":[{"embeddable":true,"href":"https:\/\/informebahia.com\/site\/wp-json\/wp\/v2\/media\/16241"}],"wp:attachment":[{"href":"https:\/\/informebahia.com\/site\/wp-json\/wp\/v2\/media?parent=16240"}],"wp:term":[{"taxonomy":"category","embeddable":true,"href":"https:\/\/informebahia.com\/site\/wp-json\/wp\/v2\/categories?post=16240"},{"taxonomy":"post_tag","embeddable":true,"href":"https:\/\/informebahia.com\/site\/wp-json\/wp\/v2\/tags?post=16240"}],"curies":[{"name":"wp","href":"https:\/\/api.w.org\/{rel}","templated":true}]}}