{"id":16251,"date":"2023-03-07T20:34:02","date_gmt":"2023-03-07T23:34:02","guid":{"rendered":"http:\/\/informebahia.com\/site\/?p=16251"},"modified":"2023-03-07T20:34:06","modified_gmt":"2023-03-07T23:34:06","slug":"vitoria-empresta-volante-maikon-douglas-ao-fc-osaka-do-japao","status":"publish","type":"post","link":"https:\/\/informebahia.com\/site\/2023\/03\/07\/vitoria-empresta-volante-maikon-douglas-ao-fc-osaka-do-japao\/","title":{"rendered":"Vit\u00f3ria empresta volante Maikon Douglas ao FC Osaka, do Jap\u00e3o"},"content":{"rendered":"<div class=\"wp-block-image\">\n<figure class=\"aligncenter size-full is-resized\"><img loading=\"lazy\" decoding=\"async\" src=\"https:\/\/informebahia.com\/site\/wp-content\/uploads\/2023\/03\/image-22.png\" alt=\"\" class=\"wp-image-16256\" width=\"448\" height=\"285\" srcset=\"https:\/\/informebahia.com\/site\/wp-content\/uploads\/2023\/03\/image-22.png 597w, https:\/\/informebahia.com\/site\/wp-content\/uploads\/2023\/03\/image-22-300x191.png 300w\" sizes=\"auto, (max-width: 448px) 100vw, 448px\" \/><figcaption>Foto: Max Haack\/ Ag. Haack\/ Bahia Not\u00edcias<\/figcaption><\/figure>\n<\/div>\n\n\n<p>O Vit\u00f3ria oficializou nesta ter\u00e7a-feira (7) o empr\u00e9stimo do volante Maikon Douglas para o FC Osaka, do Jap\u00e3o. O jogador foi cedido ao clube japon\u00eas at\u00e9 o t\u00e9rmino da temporada.<\/p>\n\n\n\n<p>O empr\u00e9stimo foi gratuito e o clube japon\u00eas n\u00e3o tem op\u00e7\u00e3o de compra. Para emprest\u00e1-lo, o Vit\u00f3ria prorrogou o v\u00ednculo de Maikon Douglas at\u00e9 agosto de 2024.<\/p>\n\n\n\n<p>Cria das divis\u00f5es de base do Vit\u00f3ria, Maikon Douglas tem 21 anos. No ano passado, ele foi emprestado ao time sub-23 do Botafogo. Nesta temporada, ele defendeu o Maguary-PE, tamb\u00e9m por empr\u00e9stimo.<\/p>\n\n\n\n<p class=\"has-text-align-right\">*Bahia Not\u00edcias<\/p>\n","protected":false},"excerpt":{"rendered":"<p>O Vit\u00f3ria oficializou nesta ter\u00e7a-feira (7) o empr\u00e9stimo do volante Maikon Douglas para o FC Osaka, do Jap\u00e3o. O jogador foi cedido ao clube japon\u00eas at\u00e9 o t\u00e9rmino da temporada. O empr\u00e9stimo foi gratuito e o clube japon\u00eas n\u00e3o tem op\u00e7\u00e3o de compra. Para emprest\u00e1-lo, o Vit\u00f3ria prorrogou o v\u00ednculo de Maikon Douglas at\u00e9 agosto [&hellip;]<\/p>\n","protected":false},"author":2,"featured_media":16256,"comment_status":"closed","ping_status":"open","sticky":false,"template":"","format":"standard","meta":{"footnotes":""},"categories":[20],"tags":[],"class_list":["post-16251","post","type-post","status-publish","format-standard","has-post-thumbnail","hentry","category-esporte"],"aioseo_notices":[],"_links":{"self":[{"href":"https:\/\/informebahia.com\/site\/wp-json\/wp\/v2\/posts\/16251","targetHints":{"allow":["GET"]}}],"collection":[{"href":"https:\/\/informebahia.com\/site\/wp-json\/wp\/v2\/posts"}],"about":[{"href":"https:\/\/informebahia.com\/site\/wp-json\/wp\/v2\/types\/post"}],"author":[{"embeddable":true,"href":"https:\/\/informebahia.com\/site\/wp-json\/wp\/v2\/users\/2"}],"replies":[{"embeddable":true,"href":"https:\/\/informebahia.com\/site\/wp-json\/wp\/v2\/comments?post=16251"}],"version-history":[{"count":1,"href":"https:\/\/informebahia.com\/site\/wp-json\/wp\/v2\/posts\/16251\/revisions"}],"predecessor-version":[{"id":16257,"href":"https:\/\/informebahia.com\/site\/wp-json\/wp\/v2\/posts\/16251\/revisions\/16257"}],"wp:featuredmedia":[{"embeddable":true,"href":"https:\/\/informebahia.com\/site\/wp-json\/wp\/v2\/media\/16256"}],"wp:attachment":[{"href":"https:\/\/informebahia.com\/site\/wp-json\/wp\/v2\/media?parent=16251"}],"wp:term":[{"taxonomy":"category","embeddable":true,"href":"https:\/\/informebahia.com\/site\/wp-json\/wp\/v2\/categories?post=16251"},{"taxonomy":"post_tag","embeddable":true,"href":"https:\/\/informebahia.com\/site\/wp-json\/wp\/v2\/tags?post=16251"}],"curies":[{"name":"wp","href":"https:\/\/api.w.org\/{rel}","templated":true}]}}