{"id":16290,"date":"2023-03-09T11:05:11","date_gmt":"2023-03-09T14:05:11","guid":{"rendered":"http:\/\/informebahia.com\/site\/?p=16290"},"modified":"2023-03-09T11:05:22","modified_gmt":"2023-03-09T14:05:22","slug":"familia-procura-por-vendedor-de-carros-que-desapareceu-desde-terca-7","status":"publish","type":"post","link":"https:\/\/informebahia.com\/site\/2023\/03\/09\/familia-procura-por-vendedor-de-carros-que-desapareceu-desde-terca-7\/","title":{"rendered":"Fam\u00edlia procura por vendedor de carros que desapareceu desde ter\u00e7a (7)"},"content":{"rendered":"<div class=\"wp-block-image\">\n<figure class=\"aligncenter size-full\"><img loading=\"lazy\" decoding=\"async\" width=\"571\" height=\"427\" src=\"https:\/\/informebahia.com\/site\/wp-content\/uploads\/2023\/03\/Gabriel-Cordeiro-de-Oliveira-desaparecido-feira-de-santana-marco-2023-buscas-rt-576x1024-1.jpg\" alt=\"\" class=\"wp-image-16291\" srcset=\"https:\/\/informebahia.com\/site\/wp-content\/uploads\/2023\/03\/Gabriel-Cordeiro-de-Oliveira-desaparecido-feira-de-santana-marco-2023-buscas-rt-576x1024-1.jpg 571w, https:\/\/informebahia.com\/site\/wp-content\/uploads\/2023\/03\/Gabriel-Cordeiro-de-Oliveira-desaparecido-feira-de-santana-marco-2023-buscas-rt-576x1024-1-300x224.jpg 300w, https:\/\/informebahia.com\/site\/wp-content\/uploads\/2023\/03\/Gabriel-Cordeiro-de-Oliveira-desaparecido-feira-de-santana-marco-2023-buscas-rt-576x1024-1-562x420.jpg 562w, https:\/\/informebahia.com\/site\/wp-content\/uploads\/2023\/03\/Gabriel-Cordeiro-de-Oliveira-desaparecido-feira-de-santana-marco-2023-buscas-rt-576x1024-1-80x60.jpg 80w, https:\/\/informebahia.com\/site\/wp-content\/uploads\/2023\/03\/Gabriel-Cordeiro-de-Oliveira-desaparecido-feira-de-santana-marco-2023-buscas-rt-576x1024-1-265x198.jpg 265w\" sizes=\"auto, (max-width: 571px) 100vw, 571px\" \/><\/figure>\n<\/div>\n\n\n<p>Gabriel Cordeiro de Oliveira, de 24 anos, morador do bairro Papagaio, em Feira de Santana, est\u00e1 desaparecido desde \u00e0s 20h de ter\u00e7a-feira (7). Ele \u00e9 vendedor de ve\u00edculos e at\u00e9 ent\u00e3o n\u00e3o entrou ou recebeu contato da fam\u00edlia.<\/p>\n\n\n\n<p>Emily Peixoto, esposa de Gabriel, contou que, no dia do ocorrido, o marido foi encontrar-se com um poss\u00edvel comprador em um shopping da cidade ap\u00f3s receber uma liga\u00e7\u00e3o, a fim de negociar um carro.<\/p>\n\n\n\n<p>\u201cEle me falou que ia encontrar um cara que queria comprar o carro. E a\u00ed, a \u00faltima coisa que eu escutei foi uma liga\u00e7\u00e3o em que ele falava que iria encontrar com esse cara no shopping, e ele saiu. Depois ele respondeu um story meu, visualizou minha mensagem e n\u00e3o entrou mais em contato\u201d, explicou.<\/p>\n\n\n\n<p>Ela afirmou ainda que tentou entrar em contato novamente com Gabriel, por volta das 22h, mas n\u00e3o conseguiu, pois n\u00e3o acusava recebimento de mensagens. Ela suspeita de que algu\u00e9m tenha desligado o celular do vendedor. A jovem revela que tentou ligar outras vezes, mas n\u00e3o obteve \u00eaxito.<\/p>\n\n\n\n<p>\u201cEsperei at\u00e9 2h, nada, mandei mensagem de novo, n\u00e3o foi entregue. Liguei normal, n\u00e3o chamava, o celular desligado. A\u00ed, entrei contato com a fam\u00edlia para a gente come\u00e7ar a procurar, porque at\u00e9 agora eu n\u00e3o tenho not\u00edcias dele\u201d, comenta.<\/p>\n\n\n\n<h2 class=\"wp-block-heading\" id=\"h-procura\">Procura<\/h2>\n\n\n\n<p>Diante disto, a fam\u00edlia de Gabriel Cordeiro de Oliveira, pede apoio da popula\u00e7\u00e3o para compartilhar informa\u00e7\u00f5es ver\u00eddicas com rela\u00e7\u00e3o ao paradeiro do dele. A esposa relatou que j\u00e1 foi prestada a queixa do desaparecimento e a pol\u00edcia investiga o caso.<\/p>\n\n\n\n<p>\u201cEu s\u00f3 pe\u00e7o que quem viu, que puder divulgar, que puder ajudar, que entre em contato com a gente, e fale o que viu, onde viu. Ele n\u00e3o \u00e9 de fazer isso, a gente teve beb\u00ea h\u00e1 pouco tempo, ele nem estava saindo de casa. A gente tentou rastrear o celular dele, por\u00e9m o celular est\u00e1 desligado. A gente n\u00e3o conseguiu, foi at\u00e9 a localiza\u00e7\u00e3o, mas n\u00e3o tem nada concreto. Viemos para a delegacia para fazer o boletim de ocorr\u00eancia para puxar as c\u00e2meras\u201d, afirmou.<\/p>\n\n\n\n<p><strong>A fam\u00edlia disponibilizou os seguintes contatos para quem tiver not\u00edcias de Gabriel:<\/strong>&nbsp;75 9 99323942 \/\/ 75 9 98696651<\/p>\n\n\n\n<p class=\"has-text-align-right\">Via Acorda Cidade<\/p>\n","protected":false},"excerpt":{"rendered":"<p>Gabriel Cordeiro de Oliveira, de 24 anos, morador do bairro Papagaio, em Feira de Santana, est\u00e1 desaparecido desde \u00e0s 20h de ter\u00e7a-feira (7). Ele \u00e9 vendedor de ve\u00edculos e at\u00e9 ent\u00e3o n\u00e3o entrou ou recebeu contato da fam\u00edlia. Emily Peixoto, esposa de Gabriel, contou que, no dia do ocorrido, o marido foi encontrar-se com um [&hellip;]<\/p>\n","protected":false},"author":2,"featured_media":16291,"comment_status":"closed","ping_status":"open","sticky":false,"template":"","format":"standard","meta":{"footnotes":""},"categories":[2],"tags":[],"class_list":["post-16290","post","type-post","status-publish","format-standard","has-post-thumbnail","hentry","category-destaq"],"aioseo_notices":[],"_links":{"self":[{"href":"https:\/\/informebahia.com\/site\/wp-json\/wp\/v2\/posts\/16290","targetHints":{"allow":["GET"]}}],"collection":[{"href":"https:\/\/informebahia.com\/site\/wp-json\/wp\/v2\/posts"}],"about":[{"href":"https:\/\/informebahia.com\/site\/wp-json\/wp\/v2\/types\/post"}],"author":[{"embeddable":true,"href":"https:\/\/informebahia.com\/site\/wp-json\/wp\/v2\/users\/2"}],"replies":[{"embeddable":true,"href":"https:\/\/informebahia.com\/site\/wp-json\/wp\/v2\/comments?post=16290"}],"version-history":[{"count":1,"href":"https:\/\/informebahia.com\/site\/wp-json\/wp\/v2\/posts\/16290\/revisions"}],"predecessor-version":[{"id":16292,"href":"https:\/\/informebahia.com\/site\/wp-json\/wp\/v2\/posts\/16290\/revisions\/16292"}],"wp:featuredmedia":[{"embeddable":true,"href":"https:\/\/informebahia.com\/site\/wp-json\/wp\/v2\/media\/16291"}],"wp:attachment":[{"href":"https:\/\/informebahia.com\/site\/wp-json\/wp\/v2\/media?parent=16290"}],"wp:term":[{"taxonomy":"category","embeddable":true,"href":"https:\/\/informebahia.com\/site\/wp-json\/wp\/v2\/categories?post=16290"},{"taxonomy":"post_tag","embeddable":true,"href":"https:\/\/informebahia.com\/site\/wp-json\/wp\/v2\/tags?post=16290"}],"curies":[{"name":"wp","href":"https:\/\/api.w.org\/{rel}","templated":true}]}}