{"id":16321,"date":"2023-03-11T00:18:13","date_gmt":"2023-03-11T03:18:13","guid":{"rendered":"http:\/\/informebahia.com\/site\/?p=16321"},"modified":"2023-03-11T00:18:34","modified_gmt":"2023-03-11T03:18:34","slug":"reajuste-de-merenda-escolar-sera-de-39-anuncia-governo","status":"publish","type":"post","link":"https:\/\/informebahia.com\/site\/2023\/03\/11\/reajuste-de-merenda-escolar-sera-de-39-anuncia-governo\/","title":{"rendered":"Reajuste de merenda escolar ser\u00e1 de 39%, anuncia governo"},"content":{"rendered":"<div class=\"wp-block-image\">\n<figure class=\"aligncenter size-full is-resized\"><img loading=\"lazy\" decoding=\"async\" src=\"https:\/\/informebahia.com\/site\/wp-content\/uploads\/2023\/03\/image-40.png\" alt=\"\" class=\"wp-image-16328\" width=\"448\" height=\"285\" srcset=\"https:\/\/informebahia.com\/site\/wp-content\/uploads\/2023\/03\/image-40.png 597w, https:\/\/informebahia.com\/site\/wp-content\/uploads\/2023\/03\/image-40-300x191.png 300w\" sizes=\"auto, (max-width: 448px) 100vw, 448px\" \/><figcaption>Foto: Ag\u00eancia Brasil<\/figcaption><\/figure>\n<\/div>\n\n\n<p>O governo federal decidiu que vai reajustar em at\u00e9 39% os repasses do governo federal para a merenda escolar. O investimento que deve chegar a&nbsp; R$ 5,5 bilh\u00f5es&nbsp;ser\u00e1 destinado aos governos estaduais e \u00e0s prefeituras para complementar a verba da alimenta\u00e7\u00e3o dos estudantes.&nbsp;<\/p>\n\n\n\n<p>Os repasses foram anunciados durante um encontro com prefeitos em uma cerim\u00f4nia fechada no Pal\u00e1cio do Planalto com a presen\u00e7a do presidente Luiz In\u00e1cio Lula da Silva e de ministros do governo.&nbsp;<\/p>\n\n\n\n<p>Desde 2017, o&nbsp;governo federal repassa cerca de R$ 0,36 por aluno por dia aos Estados e munic\u00edpios, para alimenta\u00e7\u00e3o escolar no ensino fundamental e m\u00e9dio, aponta&nbsp;Segundo o Observat\u00f3rio da Alimenta\u00e7\u00e3o Escolar.&nbsp;<\/p>\n\n\n\n<p>Durante o governo de Jair Bolsonaro foi vetado o reajuste no valor do repasse do Programa Nacional de Alimenta\u00e7\u00e3o Escolar (PNAE), onde a verba&nbsp;seria de at\u00e9 R$ 1,07 por aluno em creches e no ensino integral.&nbsp;<\/p>\n\n\n\n<p>Por conta disso, o aumento do valor destinado a merenda escolar foi uma promessa de campanha do presidente. A estimativa \u00e9 de que o novo governo invista cerca de R$ 5,5 bilh\u00f5es neste ano, o que vai beneficiar mais de 40 milh\u00f5es de alunos de escolas p\u00fablicas.&nbsp;<\/p>\n\n\n\n<p>De acordo com o governo o reajuste vai funcionar da seguinte forma:<\/p>\n\n\n\n<ul class=\"wp-block-list\"><li>39% para alunos do ensino fundamental e m\u00e9dio;<\/li><li>35% para pr\u00e9-escola e educa\u00e7\u00e3o b\u00e1sica para ind\u00edgenas e quilombolas;<\/li><li>28% para creches, escolas em tempo integral, Educa\u00e7\u00e3o de Jovens e Adultos (EJA) e atendimento especializado.<\/li><\/ul>\n\n\n\n<p class=\"has-text-align-right\">*Bahia Not\u00edcias<\/p>\n","protected":false},"excerpt":{"rendered":"<p>O governo federal decidiu que vai reajustar em at\u00e9 39% os repasses do governo federal para a merenda escolar. O investimento que deve chegar a&nbsp; R$ 5,5 bilh\u00f5es&nbsp;ser\u00e1 destinado aos governos estaduais e \u00e0s prefeituras para complementar a verba da alimenta\u00e7\u00e3o dos estudantes.&nbsp; Os repasses foram anunciados durante um encontro com prefeitos em uma cerim\u00f4nia [&hellip;]<\/p>\n","protected":false},"author":2,"featured_media":16328,"comment_status":"closed","ping_status":"open","sticky":false,"template":"","format":"standard","meta":{"footnotes":""},"categories":[17],"tags":[],"class_list":["post-16321","post","type-post","status-publish","format-standard","has-post-thumbnail","hentry","category-politica"],"aioseo_notices":[],"_links":{"self":[{"href":"https:\/\/informebahia.com\/site\/wp-json\/wp\/v2\/posts\/16321","targetHints":{"allow":["GET"]}}],"collection":[{"href":"https:\/\/informebahia.com\/site\/wp-json\/wp\/v2\/posts"}],"about":[{"href":"https:\/\/informebahia.com\/site\/wp-json\/wp\/v2\/types\/post"}],"author":[{"embeddable":true,"href":"https:\/\/informebahia.com\/site\/wp-json\/wp\/v2\/users\/2"}],"replies":[{"embeddable":true,"href":"https:\/\/informebahia.com\/site\/wp-json\/wp\/v2\/comments?post=16321"}],"version-history":[{"count":1,"href":"https:\/\/informebahia.com\/site\/wp-json\/wp\/v2\/posts\/16321\/revisions"}],"predecessor-version":[{"id":16329,"href":"https:\/\/informebahia.com\/site\/wp-json\/wp\/v2\/posts\/16321\/revisions\/16329"}],"wp:featuredmedia":[{"embeddable":true,"href":"https:\/\/informebahia.com\/site\/wp-json\/wp\/v2\/media\/16328"}],"wp:attachment":[{"href":"https:\/\/informebahia.com\/site\/wp-json\/wp\/v2\/media?parent=16321"}],"wp:term":[{"taxonomy":"category","embeddable":true,"href":"https:\/\/informebahia.com\/site\/wp-json\/wp\/v2\/categories?post=16321"},{"taxonomy":"post_tag","embeddable":true,"href":"https:\/\/informebahia.com\/site\/wp-json\/wp\/v2\/tags?post=16321"}],"curies":[{"name":"wp","href":"https:\/\/api.w.org\/{rel}","templated":true}]}}