{"id":16347,"date":"2023-03-12T10:19:41","date_gmt":"2023-03-12T13:19:41","guid":{"rendered":"http:\/\/informebahia.com\/site\/?p=16347"},"modified":"2023-03-12T10:19:43","modified_gmt":"2023-03-12T13:19:43","slug":"saude-publica-e-abordada-em-reuniao-entre-mp-e-sesab","status":"publish","type":"post","link":"https:\/\/informebahia.com\/site\/2023\/03\/12\/saude-publica-e-abordada-em-reuniao-entre-mp-e-sesab\/","title":{"rendered":"Sa\u00fade p\u00fablica \u00e9 abordada em reuni\u00e3o entre MP e Sesab"},"content":{"rendered":"<div class=\"wp-block-image\">\n<figure class=\"aligncenter size-full is-resized\"><img loading=\"lazy\" decoding=\"async\" src=\"https:\/\/informebahia.com\/site\/wp-content\/uploads\/2023\/03\/image-47.png\" alt=\"\" class=\"wp-image-16354\" width=\"448\" height=\"285\" srcset=\"https:\/\/informebahia.com\/site\/wp-content\/uploads\/2023\/03\/image-47.png 597w, https:\/\/informebahia.com\/site\/wp-content\/uploads\/2023\/03\/image-47-300x191.png 300w\" sizes=\"auto, (max-width: 448px) 100vw, 448px\" \/><figcaption>Foto: Reprodu\u00e7\u00e3o \/ MP<\/figcaption><\/figure>\n<\/div>\n\n\n<p>Temas relativos \u00e0 \u00e1rea da sa\u00fade foram debatidos na tarde da \u00faltima sexta-feira (10), em reuni\u00e3o que ocorreu na sede do Minist\u00e9rio P\u00fablico estadual com a participa\u00e7\u00e3o dos promotores de Justi\u00e7a Pedro Maia, chefe de Gabinete, e Patr\u00edcia Medrado, coordenadora do Centro de Apoio Operacional de Defesa da Sa\u00fade (Cesau); da secretaria estadual de Sa\u00fade, Roberta Santana; e do subsecret\u00e1rio estadual de Sa\u00fade, Paulo Barbosa.<\/p>\n\n\n\n<p><br>Eles trataram de temas de interesse institucional na sa\u00fade p\u00fablica, como regula\u00e7\u00e3o de acesso a leitos, sa\u00fade mental e estrutura\u00e7\u00e3o da Rede de Aten\u00e7\u00e3o Psicossocial (Raps), e avan\u00e7o na cobertura vacinal no estado da Bahia e desnutri\u00e7\u00e3o.<\/p>\n\n\n\n<p><br>A atua\u00e7\u00e3o do MP durante a pandemia foi citada como refer\u00eancia pela secret\u00e1ria Roberta Santana.<\/p>\n\n\n\n<p class=\"has-text-align-right\">*Bahia Not\u00edcias<\/p>\n","protected":false},"excerpt":{"rendered":"<p>Temas relativos \u00e0 \u00e1rea da sa\u00fade foram debatidos na tarde da \u00faltima sexta-feira (10), em reuni\u00e3o que ocorreu na sede do Minist\u00e9rio P\u00fablico estadual com a participa\u00e7\u00e3o dos promotores de Justi\u00e7a Pedro Maia, chefe de Gabinete, e Patr\u00edcia Medrado, coordenadora do Centro de Apoio Operacional de Defesa da Sa\u00fade (Cesau); da secretaria estadual de Sa\u00fade, [&hellip;]<\/p>\n","protected":false},"author":2,"featured_media":16354,"comment_status":"closed","ping_status":"open","sticky":false,"template":"","format":"standard","meta":{"footnotes":""},"categories":[33],"tags":[],"class_list":["post-16347","post","type-post","status-publish","format-standard","has-post-thumbnail","hentry","category-geral"],"aioseo_notices":[],"_links":{"self":[{"href":"https:\/\/informebahia.com\/site\/wp-json\/wp\/v2\/posts\/16347","targetHints":{"allow":["GET"]}}],"collection":[{"href":"https:\/\/informebahia.com\/site\/wp-json\/wp\/v2\/posts"}],"about":[{"href":"https:\/\/informebahia.com\/site\/wp-json\/wp\/v2\/types\/post"}],"author":[{"embeddable":true,"href":"https:\/\/informebahia.com\/site\/wp-json\/wp\/v2\/users\/2"}],"replies":[{"embeddable":true,"href":"https:\/\/informebahia.com\/site\/wp-json\/wp\/v2\/comments?post=16347"}],"version-history":[{"count":1,"href":"https:\/\/informebahia.com\/site\/wp-json\/wp\/v2\/posts\/16347\/revisions"}],"predecessor-version":[{"id":16355,"href":"https:\/\/informebahia.com\/site\/wp-json\/wp\/v2\/posts\/16347\/revisions\/16355"}],"wp:featuredmedia":[{"embeddable":true,"href":"https:\/\/informebahia.com\/site\/wp-json\/wp\/v2\/media\/16354"}],"wp:attachment":[{"href":"https:\/\/informebahia.com\/site\/wp-json\/wp\/v2\/media?parent=16347"}],"wp:term":[{"taxonomy":"category","embeddable":true,"href":"https:\/\/informebahia.com\/site\/wp-json\/wp\/v2\/categories?post=16347"},{"taxonomy":"post_tag","embeddable":true,"href":"https:\/\/informebahia.com\/site\/wp-json\/wp\/v2\/tags?post=16347"}],"curies":[{"name":"wp","href":"https:\/\/api.w.org\/{rel}","templated":true}]}}