{"id":16348,"date":"2023-03-12T10:25:16","date_gmt":"2023-03-12T13:25:16","guid":{"rendered":"http:\/\/informebahia.com\/site\/?p=16348"},"modified":"2023-03-12T10:25:19","modified_gmt":"2023-03-12T13:25:19","slug":"em-salvador-jeronimo-participa-da-santa-missa-na-basilica-nossa-senhora-da-conceicao-da-praia","status":"publish","type":"post","link":"https:\/\/informebahia.com\/site\/2023\/03\/12\/em-salvador-jeronimo-participa-da-santa-missa-na-basilica-nossa-senhora-da-conceicao-da-praia\/","title":{"rendered":"Em Salvador, Jer\u00f4nimo participa da Santa Missa na Bas\u00edlica Nossa Senhora da Concei\u00e7\u00e3o da Praia"},"content":{"rendered":"<div class=\"wp-block-image\">\n<figure class=\"aligncenter size-full\"><img loading=\"lazy\" decoding=\"async\" width=\"480\" height=\"328\" src=\"https:\/\/informebahia.com\/site\/wp-content\/uploads\/2023\/03\/Jeronimo-2324.jpg\" alt=\"\" class=\"wp-image-16356\" srcset=\"https:\/\/informebahia.com\/site\/wp-content\/uploads\/2023\/03\/Jeronimo-2324.jpg 480w, https:\/\/informebahia.com\/site\/wp-content\/uploads\/2023\/03\/Jeronimo-2324-300x205.jpg 300w, https:\/\/informebahia.com\/site\/wp-content\/uploads\/2023\/03\/Jeronimo-2324-218x150.jpg 218w\" sizes=\"auto, (max-width: 480px) 100vw, 480px\" \/><figcaption>Foto: Mateus Pereira\/GOVBA<\/figcaption><\/figure>\n<\/div>\n\n\n<p>Na manh\u00e3 deste domingo (12), o governador Jer\u00f4nimo Rodrigues acompanhou a Santa Missa na Bas\u00edlica Nossa Senhora da Concei\u00e7\u00e3o da Praia, que marca o per\u00edodo lit\u00fargico que antecede a P\u00e1scoa. A missa foi presidida pelo arcebispo da Arquidiocese de S\u00e3o Salvador da Bahia e primaz do Brasil, Dom S\u00e9rgio da Rocha, que foi nomeado membro do Conselho de Cardeais, conhecido como G-9, pelo Papa Francisco, na \u00faltima ter\u00e7a-feira (7).<\/p>\n\n\n\n<p>\u201cEssa caminhada penitencial neste domingo de quaresma \u00e9 para a gente buscar for\u00e7as e pedir a Deus energia para poder tocar os quatro anos cuidando das pessoas, de todas as baianas e baianos, mas em especial daquelas e daqueles que mais precisam\u201d, declarou o governador.<\/p>\n\n\n\n<p>Ap\u00f3s a missa, que faz parte do calend\u00e1rio religioso da capital baiana, milhares de fi\u00e9is seguiram na Caminhada Penitencial at\u00e9 a Igreja do Bonfim. Organizada pela Arquidiocese de Salvador, a caminhada voltou a acontecer ap\u00f3s tr\u00eas anos suspensa devido \u00e0 pandemia de Covid-19.<\/p>\n\n\n\n<p class=\"has-text-align-right\">*Pol\u00edtica Livre<\/p>\n","protected":false},"excerpt":{"rendered":"<p>Na manh\u00e3 deste domingo (12), o governador Jer\u00f4nimo Rodrigues acompanhou a Santa Missa na Bas\u00edlica Nossa Senhora da Concei\u00e7\u00e3o da Praia, que marca o per\u00edodo lit\u00fargico que antecede a P\u00e1scoa. A missa foi presidida pelo arcebispo da Arquidiocese de S\u00e3o Salvador da Bahia e primaz do Brasil, Dom S\u00e9rgio da Rocha, que foi nomeado membro [&hellip;]<\/p>\n","protected":false},"author":2,"featured_media":16356,"comment_status":"closed","ping_status":"open","sticky":false,"template":"","format":"standard","meta":{"footnotes":""},"categories":[17],"tags":[],"class_list":["post-16348","post","type-post","status-publish","format-standard","has-post-thumbnail","hentry","category-politica"],"aioseo_notices":[],"_links":{"self":[{"href":"https:\/\/informebahia.com\/site\/wp-json\/wp\/v2\/posts\/16348","targetHints":{"allow":["GET"]}}],"collection":[{"href":"https:\/\/informebahia.com\/site\/wp-json\/wp\/v2\/posts"}],"about":[{"href":"https:\/\/informebahia.com\/site\/wp-json\/wp\/v2\/types\/post"}],"author":[{"embeddable":true,"href":"https:\/\/informebahia.com\/site\/wp-json\/wp\/v2\/users\/2"}],"replies":[{"embeddable":true,"href":"https:\/\/informebahia.com\/site\/wp-json\/wp\/v2\/comments?post=16348"}],"version-history":[{"count":1,"href":"https:\/\/informebahia.com\/site\/wp-json\/wp\/v2\/posts\/16348\/revisions"}],"predecessor-version":[{"id":16357,"href":"https:\/\/informebahia.com\/site\/wp-json\/wp\/v2\/posts\/16348\/revisions\/16357"}],"wp:featuredmedia":[{"embeddable":true,"href":"https:\/\/informebahia.com\/site\/wp-json\/wp\/v2\/media\/16356"}],"wp:attachment":[{"href":"https:\/\/informebahia.com\/site\/wp-json\/wp\/v2\/media?parent=16348"}],"wp:term":[{"taxonomy":"category","embeddable":true,"href":"https:\/\/informebahia.com\/site\/wp-json\/wp\/v2\/categories?post=16348"},{"taxonomy":"post_tag","embeddable":true,"href":"https:\/\/informebahia.com\/site\/wp-json\/wp\/v2\/tags?post=16348"}],"curies":[{"name":"wp","href":"https:\/\/api.w.org\/{rel}","templated":true}]}}