{"id":16367,"date":"2023-03-13T11:52:13","date_gmt":"2023-03-13T14:52:13","guid":{"rendered":"http:\/\/informebahia.com\/site\/?p=16367"},"modified":"2023-03-13T11:52:16","modified_gmt":"2023-03-13T14:52:16","slug":"saude-reforca-importancia-de-completar-ciclo-vacinal-contra-a-covid-19","status":"publish","type":"post","link":"https:\/\/informebahia.com\/site\/2023\/03\/13\/saude-reforca-importancia-de-completar-ciclo-vacinal-contra-a-covid-19\/","title":{"rendered":"Sa\u00fade refor\u00e7a import\u00e2ncia de completar ciclo vacinal contra a covid-19"},"content":{"rendered":"<div class=\"wp-block-image\">\n<figure class=\"aligncenter size-full\"><img loading=\"lazy\" decoding=\"async\" width=\"480\" height=\"287\" src=\"https:\/\/informebahia.com\/site\/wp-content\/uploads\/2023\/03\/Vacina-Covid19.jpg\" alt=\"\" class=\"wp-image-16376\" srcset=\"https:\/\/informebahia.com\/site\/wp-content\/uploads\/2023\/03\/Vacina-Covid19.jpg 480w, https:\/\/informebahia.com\/site\/wp-content\/uploads\/2023\/03\/Vacina-Covid19-300x179.jpg 300w\" sizes=\"auto, (max-width: 480px) 100vw, 480px\" \/><figcaption>Foto: Fabio Rodrigues-Pozzebom\/ Ag\u00eancia Brasil<\/figcaption><\/figure>\n<\/div>\n\n\n<p>O Minist\u00e9rio da Sa\u00fade refor\u00e7ou a import\u00e2ncia de completar o ciclo vacinal contra a covid-19. De acordo com a pasta, quem est\u00e1 com doses atrasadas pode ir a qualquer momento a um posto, com o cart\u00e3o de vacina\u00e7\u00e3o.<\/p>\n\n\n\n<p>No m\u00eas passado, o&nbsp;governo federal lan\u00e7ou o Movimento Nacional pela Vacina\u00e7\u00e3o, campanha que objetiva retomar o alto \u00edndice de cobertura vacinal no pa\u00eds.<\/p>\n\n\n\n<p>Na primeira etapa, ser\u00e1 aplicada a dose bivalente do imunizante, direcionada ao grupo priorit\u00e1rio de idosos acima de 70 anos, pessoas com imunossupress\u00e3o, ind\u00edgenas e quilombolas. &nbsp;<\/p>\n\n\n\n<p>No entanto, o cidad\u00e3o que ainda n\u00e3o completou o ciclo vacinal prim\u00e1rio, com duas doses, ou n\u00e3o recebeu a terceira e quarta doses de refor\u00e7o, tamb\u00e9m pode procurar unidades de sa\u00fade para ser imunizado. A vacina\u00e7\u00e3o desse grupo \u00e9 realizada com vacina monovalente.<\/p>\n\n\n\n<p>Segundo o minist\u00e9rio, a imuniza\u00e7\u00e3o completa \u00e9 fundamental para manter a mem\u00f3ria imunol\u00f3gica contra a covid-19.<\/p>\n\n\n\n<p>De acordo com estudo realizado pela Funda\u00e7\u00e3o Oswaldo Cruz (Fiocruz) com 1,5 mil pessoas, ap\u00f3s seis meses de imuniza\u00e7\u00e3o com a segunda dose, os anticorpos ca\u00edram entre os pesquisados. Com refor\u00e7o na imuniza\u00e7\u00e3o, houve aumento consider\u00e1vel da prote\u00e7\u00e3o contra o coronav\u00edrus.<\/p>\n\n\n\n<p><strong>Vacina bivalente<\/strong><\/p>\n\n\n\n<p>Para tomar a vacina bivalente contra a covid-19, que previne contra as variantes mais perigosas do v\u00edrus, \u00e9 necess\u00e1rio ter completado o ciclo vacinal de quatro doses, respeitando um intervalo de quatro meses desde a \u00faltima recebida.<\/p>\n\n\n\n<p>Em mar\u00e7o, o governo pretende expandir a dose bivalente para toda a popula\u00e7\u00e3o acima de 12 anos de idade<\/p>\n\n\n\n<p class=\"has-text-align-right\">*Ag\u00eancia Brasil<\/p>\n","protected":false},"excerpt":{"rendered":"<p>O Minist\u00e9rio da Sa\u00fade refor\u00e7ou a import\u00e2ncia de completar o ciclo vacinal contra a covid-19. De acordo com a pasta, quem est\u00e1 com doses atrasadas pode ir a qualquer momento a um posto, com o cart\u00e3o de vacina\u00e7\u00e3o. No m\u00eas passado, o&nbsp;governo federal lan\u00e7ou o Movimento Nacional pela Vacina\u00e7\u00e3o, campanha que objetiva retomar o alto [&hellip;]<\/p>\n","protected":false},"author":2,"featured_media":16376,"comment_status":"closed","ping_status":"open","sticky":false,"template":"","format":"standard","meta":{"footnotes":""},"categories":[33],"tags":[],"class_list":["post-16367","post","type-post","status-publish","format-standard","has-post-thumbnail","hentry","category-geral"],"aioseo_notices":[],"_links":{"self":[{"href":"https:\/\/informebahia.com\/site\/wp-json\/wp\/v2\/posts\/16367","targetHints":{"allow":["GET"]}}],"collection":[{"href":"https:\/\/informebahia.com\/site\/wp-json\/wp\/v2\/posts"}],"about":[{"href":"https:\/\/informebahia.com\/site\/wp-json\/wp\/v2\/types\/post"}],"author":[{"embeddable":true,"href":"https:\/\/informebahia.com\/site\/wp-json\/wp\/v2\/users\/2"}],"replies":[{"embeddable":true,"href":"https:\/\/informebahia.com\/site\/wp-json\/wp\/v2\/comments?post=16367"}],"version-history":[{"count":1,"href":"https:\/\/informebahia.com\/site\/wp-json\/wp\/v2\/posts\/16367\/revisions"}],"predecessor-version":[{"id":16377,"href":"https:\/\/informebahia.com\/site\/wp-json\/wp\/v2\/posts\/16367\/revisions\/16377"}],"wp:featuredmedia":[{"embeddable":true,"href":"https:\/\/informebahia.com\/site\/wp-json\/wp\/v2\/media\/16376"}],"wp:attachment":[{"href":"https:\/\/informebahia.com\/site\/wp-json\/wp\/v2\/media?parent=16367"}],"wp:term":[{"taxonomy":"category","embeddable":true,"href":"https:\/\/informebahia.com\/site\/wp-json\/wp\/v2\/categories?post=16367"},{"taxonomy":"post_tag","embeddable":true,"href":"https:\/\/informebahia.com\/site\/wp-json\/wp\/v2\/tags?post=16367"}],"curies":[{"name":"wp","href":"https:\/\/api.w.org\/{rel}","templated":true}]}}