{"id":16384,"date":"2023-03-14T10:05:09","date_gmt":"2023-03-14T13:05:09","guid":{"rendered":"http:\/\/informebahia.com\/site\/?p=16384"},"modified":"2023-03-14T10:06:01","modified_gmt":"2023-03-14T13:06:01","slug":"ex-ministro-eliseu-padilha-morre-aos-77-anos","status":"publish","type":"post","link":"https:\/\/informebahia.com\/site\/2023\/03\/14\/ex-ministro-eliseu-padilha-morre-aos-77-anos\/","title":{"rendered":"Ex-ministro Eliseu Padilha morre aos 77 anos"},"content":{"rendered":"<div class=\"wp-block-image\">\n<figure class=\"aligncenter size-full is-resized\"><img loading=\"lazy\" decoding=\"async\" src=\"https:\/\/informebahia.com\/site\/wp-content\/uploads\/2023\/03\/image-52.png\" alt=\"\" class=\"wp-image-16389\" width=\"448\" height=\"285\" srcset=\"https:\/\/informebahia.com\/site\/wp-content\/uploads\/2023\/03\/image-52.png 597w, https:\/\/informebahia.com\/site\/wp-content\/uploads\/2023\/03\/image-52-300x191.png 300w\" sizes=\"auto, (max-width: 448px) 100vw, 448px\" \/><figcaption>Foto: Marcelo Camargo \/ Ag\u00eancia Brasil<\/figcaption><\/figure>\n<\/div>\n\n\n<p>O ex-ministro Eliseu Padilha, morreu na noite de segunda-feira (13). Ele fazia tratamento contra um c\u00e2ncer no est\u00f4mago no Hospital Moinhos de Vento, em Porto Alegre. Padilha tinha 77 anos, deixa a mulher e seis filhos.&nbsp;<\/p>\n\n\n\n<p>O pol\u00edtico ga\u00facho foi ministro dos governos Fernando Henrique Cardoso (PSDB), Dilma Rousseff (PT) e Michel Temer (MDB).&nbsp;&nbsp;<\/p>\n\n\n\n<p>Padilha foi internado em estado grave, no \u00faltimo s\u00e1bado (11), em raz\u00e3o de uma piora em seu estado de sa\u00fade. De acordo com a fam\u00edlia, o pol\u00edtico foi diagnosticado com um c\u00e2ncer h\u00e1 cerca de um m\u00eas.&nbsp;<\/p>\n\n\n\n<p>Segundo sua assessoria, o vel\u00f3rio ser\u00e1 realizado na quarta-feira (15), entre 10h e 17h, no Pal\u00e1cio Piratini, sede do governo estadual, na capital ga\u00facha. Depois, o corpo ser\u00e1 levado para o Angelus Memorial e Cremat\u00f3rio, para cerim\u00f4nia restrita aos familiares.<\/p>\n\n\n\n<p class=\"has-text-align-right\">*Bahia Noticias<\/p>\n","protected":false},"excerpt":{"rendered":"<p>O ex-ministro Eliseu Padilha, morreu na noite de segunda-feira (13). Ele fazia tratamento contra um c\u00e2ncer no est\u00f4mago no Hospital Moinhos de Vento, em Porto Alegre. Padilha tinha 77 anos, deixa a mulher e seis filhos.&nbsp; O pol\u00edtico ga\u00facho foi ministro dos governos Fernando Henrique Cardoso (PSDB), Dilma Rousseff (PT) e Michel Temer (MDB).&nbsp;&nbsp; Padilha [&hellip;]<\/p>\n","protected":false},"author":2,"featured_media":16389,"comment_status":"closed","ping_status":"open","sticky":false,"template":"","format":"standard","meta":{"footnotes":""},"categories":[17],"tags":[],"class_list":["post-16384","post","type-post","status-publish","format-standard","has-post-thumbnail","hentry","category-politica"],"aioseo_notices":[],"_links":{"self":[{"href":"https:\/\/informebahia.com\/site\/wp-json\/wp\/v2\/posts\/16384","targetHints":{"allow":["GET"]}}],"collection":[{"href":"https:\/\/informebahia.com\/site\/wp-json\/wp\/v2\/posts"}],"about":[{"href":"https:\/\/informebahia.com\/site\/wp-json\/wp\/v2\/types\/post"}],"author":[{"embeddable":true,"href":"https:\/\/informebahia.com\/site\/wp-json\/wp\/v2\/users\/2"}],"replies":[{"embeddable":true,"href":"https:\/\/informebahia.com\/site\/wp-json\/wp\/v2\/comments?post=16384"}],"version-history":[{"count":1,"href":"https:\/\/informebahia.com\/site\/wp-json\/wp\/v2\/posts\/16384\/revisions"}],"predecessor-version":[{"id":16390,"href":"https:\/\/informebahia.com\/site\/wp-json\/wp\/v2\/posts\/16384\/revisions\/16390"}],"wp:featuredmedia":[{"embeddable":true,"href":"https:\/\/informebahia.com\/site\/wp-json\/wp\/v2\/media\/16389"}],"wp:attachment":[{"href":"https:\/\/informebahia.com\/site\/wp-json\/wp\/v2\/media?parent=16384"}],"wp:term":[{"taxonomy":"category","embeddable":true,"href":"https:\/\/informebahia.com\/site\/wp-json\/wp\/v2\/categories?post=16384"},{"taxonomy":"post_tag","embeddable":true,"href":"https:\/\/informebahia.com\/site\/wp-json\/wp\/v2\/tags?post=16384"}],"curies":[{"name":"wp","href":"https:\/\/api.w.org\/{rel}","templated":true}]}}