{"id":16462,"date":"2023-03-16T15:24:32","date_gmt":"2023-03-16T18:24:32","guid":{"rendered":"http:\/\/informebahia.com\/site\/?p=16462"},"modified":"2023-03-16T15:24:34","modified_gmt":"2023-03-16T18:24:34","slug":"sesab-rebate-prefeitura-de-feira-de-santana-e-nega-que-faltem-seringas-aumento-da-cobertura-da-bcg","status":"publish","type":"post","link":"https:\/\/informebahia.com\/site\/2023\/03\/16\/sesab-rebate-prefeitura-de-feira-de-santana-e-nega-que-faltem-seringas-aumento-da-cobertura-da-bcg\/","title":{"rendered":"Sesab rebate prefeitura de Feira de Santana e nega que faltem seringas aumento da cobertura da BCG"},"content":{"rendered":"<div class=\"wp-block-image\">\n<figure class=\"aligncenter size-full is-resized\"><img loading=\"lazy\" decoding=\"async\" src=\"https:\/\/informebahia.com\/site\/wp-content\/uploads\/2023\/03\/image-62.png\" alt=\"\" class=\"wp-image-16470\" width=\"448\" height=\"285\" srcset=\"https:\/\/informebahia.com\/site\/wp-content\/uploads\/2023\/03\/image-62.png 597w, https:\/\/informebahia.com\/site\/wp-content\/uploads\/2023\/03\/image-62-300x191.png 300w\" sizes=\"auto, (max-width: 448px) 100vw, 448px\" \/><figcaption>Foto: Thiago Paix\u00e3o \/ PMFS<\/figcaption><\/figure>\n<\/div>\n\n\n<p>A Secretaria da Sa\u00fade do Estado da Bahia (Sesab) negou, atrav\u00e9s de um comunicado publicado em seus canais oficiais nesta quarta-feira (15), a informa\u00e7\u00e3o de que h\u00e1 um n\u00famero insuficiente de seringas para que haja um aumento da cobertura vacinal da BCG em Feira de Santana.&nbsp;<\/p>\n\n\n\n<p>Segundo a pasta, em 2022 o n\u00famero estimado de nascidos vivos na localidade era de 9.380 e tem-se registrado o envio de 12 mil seringas e quantitativo de doses suficientes para atender a demanda, incluindo a eventual perda t\u00e9cnica operacional.<\/p>\n\n\n\n<p>&#8220;\u00c9 lament\u00e1vel que a Prefeitura de Feira de Santana divulgue que faltam seringas para a vacina\u00e7\u00e3o de crian\u00e7as com at\u00e9 1 ano. Dados do Minist\u00e9rio da Sa\u00fade apontam que a cobertura vacinal da BCG em Feira de Santana \u00e9 de apenas 54,32%, enquanto a m\u00e9dia da Bahia alcan\u00e7a 83,43%&#8221;, indicou um trecho do informativo.&nbsp;<\/p>\n\n\n\n<p>Conforme explicou a titular da Sesab, Roberta Santana, os baixos \u00edndices registrados na localidade impactam diretamente nos \u00edndices do estado. \u201cPor se tratar de um munic\u00edpio grande, ele \u00e9 representativo dentre os 417 munic\u00edpios e faz baixar a m\u00e9dia estadual. A meta estabelecida pelo Minist\u00e9rio da Sa\u00fade \u00e9 de 90% de cobertura do p\u00fablico-alvo&#8221;, alertou.&nbsp;<\/p>\n\n\n\n<p>Santana lembrou ainda da import\u00e2ncia do imunizante para o combate a diversas doen\u00e7as. &#8220;Essa vacina \u00e9 important\u00edssima, pois protege contra as formas graves da tuberculose, uma doen\u00e7a contagiosa que afeta os pulm\u00f5es, mas tamb\u00e9m ossos, rins e meninges (membranas que envolvem o c\u00e9rebro)&#8221;, pontuou.&nbsp;<\/p>\n\n\n\n<p>Dados da Sesab indicam que, somente este ano foram enviadas duas remessas de insumos ao munic\u00edpio de Feira de Santana, sendo a primeira de 1.400 seringas e outra com 2 mil unidades.&nbsp;&nbsp;<\/p>\n\n\n\n<p>Tanto o imunobiol\u00f3gico quanto o insumo para aplica\u00e7\u00e3o da BCG s\u00e3o adquiridos exclusivamente pelo Minist\u00e9rio da Sa\u00fade e importados da \u00cdndia. \u00c9 de obriga\u00e7\u00e3o dos estados a distribui\u00e7\u00e3o para os munic\u00edpios, enquanto a gest\u00e3o municipal deve construir estrat\u00e9gias eficazes para imunizar a popula\u00e7\u00e3o.<\/p>\n\n\n\n<p class=\"has-text-align-right\">*Bahia Not\u00edcias<\/p>\n","protected":false},"excerpt":{"rendered":"<p>A Secretaria da Sa\u00fade do Estado da Bahia (Sesab) negou, atrav\u00e9s de um comunicado publicado em seus canais oficiais nesta quarta-feira (15), a informa\u00e7\u00e3o de que h\u00e1 um n\u00famero insuficiente de seringas para que haja um aumento da cobertura vacinal da BCG em Feira de Santana.&nbsp; Segundo a pasta, em 2022 o n\u00famero estimado de [&hellip;]<\/p>\n","protected":false},"author":2,"featured_media":16470,"comment_status":"closed","ping_status":"open","sticky":false,"template":"","format":"standard","meta":{"footnotes":""},"categories":[33],"tags":[],"class_list":["post-16462","post","type-post","status-publish","format-standard","has-post-thumbnail","hentry","category-geral"],"aioseo_notices":[],"_links":{"self":[{"href":"https:\/\/informebahia.com\/site\/wp-json\/wp\/v2\/posts\/16462","targetHints":{"allow":["GET"]}}],"collection":[{"href":"https:\/\/informebahia.com\/site\/wp-json\/wp\/v2\/posts"}],"about":[{"href":"https:\/\/informebahia.com\/site\/wp-json\/wp\/v2\/types\/post"}],"author":[{"embeddable":true,"href":"https:\/\/informebahia.com\/site\/wp-json\/wp\/v2\/users\/2"}],"replies":[{"embeddable":true,"href":"https:\/\/informebahia.com\/site\/wp-json\/wp\/v2\/comments?post=16462"}],"version-history":[{"count":1,"href":"https:\/\/informebahia.com\/site\/wp-json\/wp\/v2\/posts\/16462\/revisions"}],"predecessor-version":[{"id":16471,"href":"https:\/\/informebahia.com\/site\/wp-json\/wp\/v2\/posts\/16462\/revisions\/16471"}],"wp:featuredmedia":[{"embeddable":true,"href":"https:\/\/informebahia.com\/site\/wp-json\/wp\/v2\/media\/16470"}],"wp:attachment":[{"href":"https:\/\/informebahia.com\/site\/wp-json\/wp\/v2\/media?parent=16462"}],"wp:term":[{"taxonomy":"category","embeddable":true,"href":"https:\/\/informebahia.com\/site\/wp-json\/wp\/v2\/categories?post=16462"},{"taxonomy":"post_tag","embeddable":true,"href":"https:\/\/informebahia.com\/site\/wp-json\/wp\/v2\/tags?post=16462"}],"curies":[{"name":"wp","href":"https:\/\/api.w.org\/{rel}","templated":true}]}}