{"id":16480,"date":"2023-03-16T18:36:54","date_gmt":"2023-03-16T21:36:54","guid":{"rendered":"http:\/\/informebahia.com\/site\/?p=16480"},"modified":"2023-03-16T18:36:59","modified_gmt":"2023-03-16T21:36:59","slug":"apos-concorrer-a-vaga-no-tcm-tom-araujo-e-nomeado-secretario-parlamentar-na-assembleia","status":"publish","type":"post","link":"https:\/\/informebahia.com\/site\/2023\/03\/16\/apos-concorrer-a-vaga-no-tcm-tom-araujo-e-nomeado-secretario-parlamentar-na-assembleia\/","title":{"rendered":"Ap\u00f3s concorrer \u00e0 vaga no TCM, Tom Ara\u00fajo \u00e9 nomeado secret\u00e1rio parlamentar na Assembleia"},"content":{"rendered":"<div class=\"wp-block-image\">\n<figure class=\"aligncenter size-full\"><img loading=\"lazy\" decoding=\"async\" width=\"600\" height=\"404\" src=\"https:\/\/informebahia.com\/site\/wp-content\/uploads\/2023\/03\/cats.jpg\" alt=\"\" class=\"wp-image-16481\" srcset=\"https:\/\/informebahia.com\/site\/wp-content\/uploads\/2023\/03\/cats.jpg 600w, https:\/\/informebahia.com\/site\/wp-content\/uploads\/2023\/03\/cats-300x202.jpg 300w\" sizes=\"auto, (max-width: 600px) 100vw, 600px\" \/><\/figure>\n<\/div>\n\n\n<p>Sem conseguir \u00eaxito na disputa pela vaga de conselheiro do Tribunal de Contas dos Munic\u00edpios (TCM), o ex-deputado estadual Tom Ara\u00fajo (UB) foi nomeado como secret\u00e1rio parlamentar na Corregedoria da Assembleia Legislativa da Bahia (AL-BA).<\/p>\n\n\n\n<p>Tom, que obteve 19 votos dos parlamentares na elei\u00e7\u00e3o para a Corte de contas, de acordo com o Di\u00e1rio Oficial da Assembleia, foi nomeado, de forma retroativa, com o n\u00edvel \u201cSP-23A\u201d. Em 2022, o ex-deputado escolheu n\u00e3o participar do pleito, ficando assim sem mandato nesta legislatura.<\/p>\n\n\n\n<p class=\"has-text-align-right\">Via Politica Livre<\/p>\n","protected":false},"excerpt":{"rendered":"<p>Sem conseguir \u00eaxito na disputa pela vaga de conselheiro do Tribunal de Contas dos Munic\u00edpios (TCM), o ex-deputado estadual Tom Ara\u00fajo (UB) foi nomeado como secret\u00e1rio parlamentar na Corregedoria da Assembleia Legislativa da Bahia (AL-BA). Tom, que obteve 19 votos dos parlamentares na elei\u00e7\u00e3o para a Corte de contas, de acordo com o Di\u00e1rio Oficial [&hellip;]<\/p>\n","protected":false},"author":2,"featured_media":16481,"comment_status":"closed","ping_status":"open","sticky":false,"template":"","format":"standard","meta":{"footnotes":""},"categories":[2],"tags":[],"class_list":["post-16480","post","type-post","status-publish","format-standard","has-post-thumbnail","hentry","category-destaq"],"aioseo_notices":[],"_links":{"self":[{"href":"https:\/\/informebahia.com\/site\/wp-json\/wp\/v2\/posts\/16480","targetHints":{"allow":["GET"]}}],"collection":[{"href":"https:\/\/informebahia.com\/site\/wp-json\/wp\/v2\/posts"}],"about":[{"href":"https:\/\/informebahia.com\/site\/wp-json\/wp\/v2\/types\/post"}],"author":[{"embeddable":true,"href":"https:\/\/informebahia.com\/site\/wp-json\/wp\/v2\/users\/2"}],"replies":[{"embeddable":true,"href":"https:\/\/informebahia.com\/site\/wp-json\/wp\/v2\/comments?post=16480"}],"version-history":[{"count":1,"href":"https:\/\/informebahia.com\/site\/wp-json\/wp\/v2\/posts\/16480\/revisions"}],"predecessor-version":[{"id":16482,"href":"https:\/\/informebahia.com\/site\/wp-json\/wp\/v2\/posts\/16480\/revisions\/16482"}],"wp:featuredmedia":[{"embeddable":true,"href":"https:\/\/informebahia.com\/site\/wp-json\/wp\/v2\/media\/16481"}],"wp:attachment":[{"href":"https:\/\/informebahia.com\/site\/wp-json\/wp\/v2\/media?parent=16480"}],"wp:term":[{"taxonomy":"category","embeddable":true,"href":"https:\/\/informebahia.com\/site\/wp-json\/wp\/v2\/categories?post=16480"},{"taxonomy":"post_tag","embeddable":true,"href":"https:\/\/informebahia.com\/site\/wp-json\/wp\/v2\/tags?post=16480"}],"curies":[{"name":"wp","href":"https:\/\/api.w.org\/{rel}","templated":true}]}}