{"id":19828,"date":"2023-09-11T15:26:30","date_gmt":"2023-09-11T18:26:30","guid":{"rendered":"http:\/\/informebahia.com\/site\/?p=19828"},"modified":"2023-09-11T15:26:31","modified_gmt":"2023-09-11T18:26:31","slug":"rogerio-ceni-comanda-primeiro-treino-no-bahia-veja-detalhes-e-video","status":"publish","type":"post","link":"https:\/\/informebahia.com\/site\/2023\/09\/11\/rogerio-ceni-comanda-primeiro-treino-no-bahia-veja-detalhes-e-video\/","title":{"rendered":"Rog\u00e9rio Ceni comanda primeiro treino no Bahia; veja detalhes e v\u00eddeo"},"content":{"rendered":"<div class=\"wp-block-image\">\n<figure class=\"aligncenter size-full is-resized\"><img loading=\"lazy\" decoding=\"async\" src=\"https:\/\/informebahia.com\/site\/wp-content\/uploads\/2023\/09\/image-38.png\" alt=\"\" class=\"wp-image-19833\" width=\"448\" height=\"285\" srcset=\"https:\/\/informebahia.com\/site\/wp-content\/uploads\/2023\/09\/image-38.png 597w, https:\/\/informebahia.com\/site\/wp-content\/uploads\/2023\/09\/image-38-300x191.png 300w\" sizes=\"auto, (max-width: 448px) 100vw, 448px\" \/><figcaption>                       Foto: Felipe Oliveira\/ Divulga\u00e7\u00e3o \/EC Bahia<\/figcaption><\/figure>\n<\/div>\n\n\n<p>A manh\u00e3 desta segunda-feira (11) foi marcada pelo primeiro treinamento de Rog\u00e9rio Ceni no comando do Bahia. Dentro do CT Evaristo de Macedo, o novo t\u00e9cnico do Tricolor iniciou os trabalhos com foco no jogo contra o Coritiba, marcado para esta quinta-feira (14), em Curitiba.<\/p>\n\n\n\n<p>Ap\u00f3s conhecer o t\u00e9cnico em uma breve reuni\u00e3o no audit\u00f3rio, o grupo passou por exerc\u00edcios f\u00edsicos com Danilo Augusto, novo preparador f\u00edsico da equipe. Depois, no campo, eles foram divididos em duas equipes. Uma fez ataque contra defesa com o auxiliar Charles Hembert, enquanto os demais fizeram uma atividade t\u00e9cnica em campo reduzido com Ceni.<\/p>\n\n\n\n<p>Na sequ\u00eancia, o treinador observou movimenta\u00e7\u00f5es t\u00e1ticas e passou orienta\u00e7\u00f5es de posicionamento para os seus comandados. Por fim, defensores, meio-campistas e atacantes se separaram para treinos espec\u00edficos.<\/p>\n\n\n\n<p>Andr\u00e9 e David Duarte realizaram uma atividade t\u00e9cnica e f\u00edsica no campo 2, enquanto Cauly deu continuidade ao tratamento. O time volta a treinar nesta ter\u00e7a-feira (12).<\/p>\n\n\n\n<p>Confira os bastidores da primeira atividade do Bahia com Rog\u00e9rio Ceni:<\/p>\n\n\n\n<iframe loading=\"lazy\" width=\"560\" height=\"315\" src=\"https:\/\/www.youtube.com\/embed\/WFw1wbY2qfk?si=js7SKIXX06LasD29\" title=\"YouTube video player\" frameborder=\"0\" allow=\"accelerometer; autoplay; clipboard-write; encrypted-media; gyroscope; picture-in-picture; web-share\" allowfullscreen><\/iframe>\n\n\n\n<p class=\"has-text-align-right\">*Bahia Not\u00edcias<\/p>\n","protected":false},"excerpt":{"rendered":"<p>A manh\u00e3 desta segunda-feira (11) foi marcada pelo primeiro treinamento de Rog\u00e9rio Ceni no comando do Bahia. Dentro do CT Evaristo de Macedo, o novo t\u00e9cnico do Tricolor iniciou os trabalhos com foco no jogo contra o Coritiba, marcado para esta quinta-feira (14), em Curitiba. Ap\u00f3s conhecer o t\u00e9cnico em uma breve reuni\u00e3o no audit\u00f3rio, [&hellip;]<\/p>\n","protected":false},"author":2,"featured_media":19833,"comment_status":"closed","ping_status":"open","sticky":false,"template":"","format":"standard","meta":{"footnotes":""},"categories":[20],"tags":[],"class_list":["post-19828","post","type-post","status-publish","format-standard","has-post-thumbnail","hentry","category-esporte"],"aioseo_notices":[],"_links":{"self":[{"href":"https:\/\/informebahia.com\/site\/wp-json\/wp\/v2\/posts\/19828","targetHints":{"allow":["GET"]}}],"collection":[{"href":"https:\/\/informebahia.com\/site\/wp-json\/wp\/v2\/posts"}],"about":[{"href":"https:\/\/informebahia.com\/site\/wp-json\/wp\/v2\/types\/post"}],"author":[{"embeddable":true,"href":"https:\/\/informebahia.com\/site\/wp-json\/wp\/v2\/users\/2"}],"replies":[{"embeddable":true,"href":"https:\/\/informebahia.com\/site\/wp-json\/wp\/v2\/comments?post=19828"}],"version-history":[{"count":1,"href":"https:\/\/informebahia.com\/site\/wp-json\/wp\/v2\/posts\/19828\/revisions"}],"predecessor-version":[{"id":19834,"href":"https:\/\/informebahia.com\/site\/wp-json\/wp\/v2\/posts\/19828\/revisions\/19834"}],"wp:featuredmedia":[{"embeddable":true,"href":"https:\/\/informebahia.com\/site\/wp-json\/wp\/v2\/media\/19833"}],"wp:attachment":[{"href":"https:\/\/informebahia.com\/site\/wp-json\/wp\/v2\/media?parent=19828"}],"wp:term":[{"taxonomy":"category","embeddable":true,"href":"https:\/\/informebahia.com\/site\/wp-json\/wp\/v2\/categories?post=19828"},{"taxonomy":"post_tag","embeddable":true,"href":"https:\/\/informebahia.com\/site\/wp-json\/wp\/v2\/tags?post=19828"}],"curies":[{"name":"wp","href":"https:\/\/api.w.org\/{rel}","templated":true}]}}