{"id":19842,"date":"2023-09-11T16:10:05","date_gmt":"2023-09-11T19:10:05","guid":{"rendered":"http:\/\/informebahia.com\/site\/?p=19842"},"modified":"2023-09-11T16:10:06","modified_gmt":"2023-09-11T19:10:06","slug":"coronel-defende-candidatura-de-edylene-ferreira-a-prefeita-de-serrinha","status":"publish","type":"post","link":"https:\/\/informebahia.com\/site\/2023\/09\/11\/coronel-defende-candidatura-de-edylene-ferreira-a-prefeita-de-serrinha\/","title":{"rendered":"Coronel defende candidatura de Edylene Ferreira a prefeita de Serrinha"},"content":{"rendered":"<div class=\"wp-block-image\">\n<figure class=\"aligncenter size-full is-resized\"><img loading=\"lazy\" decoding=\"async\" src=\"https:\/\/informebahia.com\/site\/wp-content\/uploads\/2023\/09\/image-42.png\" alt=\"\" class=\"wp-image-19846\" width=\"450\" height=\"308\" srcset=\"https:\/\/informebahia.com\/site\/wp-content\/uploads\/2023\/09\/image-42.png 900w, https:\/\/informebahia.com\/site\/wp-content\/uploads\/2023\/09\/image-42-300x205.png 300w, https:\/\/informebahia.com\/site\/wp-content\/uploads\/2023\/09\/image-42-768x525.png 768w, https:\/\/informebahia.com\/site\/wp-content\/uploads\/2023\/09\/image-42-218x150.png 218w, https:\/\/informebahia.com\/site\/wp-content\/uploads\/2023\/09\/image-42-696x476.png 696w, https:\/\/informebahia.com\/site\/wp-content\/uploads\/2023\/09\/image-42-615x420.png 615w\" sizes=\"auto, (max-width: 450px) 100vw, 450px\" \/><figcaption>                                          Foto: Reprodu\u00e7\u00e3o<\/figcaption><\/figure>\n<\/div>\n\n\n<p>O senador Angelo Coronel (PSD) endossou o coro pela candidatura da vereadora Edylene Ferreira (Republicanos) a prefeita de Serrinha nas elei\u00e7\u00f5es do pr\u00f3ximo ano. Ele esteve no munic\u00edpio nesta semana para participar do Encontro Nacional de Parlamentares Municipalistas, realizado pela Uni\u00e3o de Vereadores da Bahia (UVB), da qual Edylene \u00e9 presidente.<\/p>\n\n\n\n<p>\u201cEu tenho orgulho e o prazer de ser amigo de Edylene e de toda a sua fam\u00edlia. E quem sabe, Edylene pr\u00f3xima prefeita de Serrinha, ou seu sogro, Ferreirinha. Estarei aqui, junto, nessa campanha\u201d, afirmou o senador, durante o evento, lembrando ainda do ex-prefeito Ferrerinha, sogro de Edylene e tamb\u00e9m cotado para disputa a elei\u00e7\u00e3o.<\/p>\n\n\n\n<p>\u201cSerrinha definitivamente virou a capital dos eventos de vereadores no Brasil. Edylene \u00e9 uma guerreira, consegue agregar, consegue reunir vereadores de toda a Bahia, de outros estados do Brasil, isso \u00e9 muito importante, pelo seu carisma, pela sua for\u00e7a for\u00e7a de trabalho, pela sua humildade\u201d, ressaltou Coronel.<\/p>\n\n\n\n<p>Vereadora de Serrinha por tr\u00eas mandatos, Edylene \u00e9 atual presidente da UVB e suplente de deputada estadual. No ano passado, ela ficou como a segunda mais votada no munic\u00edpio na disputa pela Assembleia Legislativa da Bahia (ALBA), disputando voto a voto com o deputado estadual e ex-prefeito Osni Cardoso (PT).<\/p>\n\n\n\n<p><strong>Confira:<\/strong><\/p>\n\n\n\n<figure class=\"wp-block-video aligncenter\"><video height=\"848\" style=\"aspect-ratio: 480 \/ 848;\" width=\"480\" controls src=\"https:\/\/informebahia.com\/site\/wp-content\/uploads\/2023\/09\/WhatsApp-Video-2023-09-11-at-11.39.25.mp4\"><\/video><\/figure>\n\n\n\n<p class=\"has-text-align-right\">*Pol\u00edtica Livre<\/p>\n","protected":false},"excerpt":{"rendered":"<p>O senador Angelo Coronel (PSD) endossou o coro pela candidatura da vereadora Edylene Ferreira (Republicanos) a prefeita de Serrinha nas elei\u00e7\u00f5es do pr\u00f3ximo ano. Ele esteve no munic\u00edpio nesta semana para participar do Encontro Nacional de Parlamentares Municipalistas, realizado pela Uni\u00e3o de Vereadores da Bahia (UVB), da qual Edylene \u00e9 presidente. \u201cEu tenho orgulho e [&hellip;]<\/p>\n","protected":false},"author":2,"featured_media":19846,"comment_status":"closed","ping_status":"open","sticky":false,"template":"","format":"standard","meta":{"footnotes":""},"categories":[17],"tags":[],"class_list":["post-19842","post","type-post","status-publish","format-standard","has-post-thumbnail","hentry","category-politica"],"aioseo_notices":[],"_links":{"self":[{"href":"https:\/\/informebahia.com\/site\/wp-json\/wp\/v2\/posts\/19842","targetHints":{"allow":["GET"]}}],"collection":[{"href":"https:\/\/informebahia.com\/site\/wp-json\/wp\/v2\/posts"}],"about":[{"href":"https:\/\/informebahia.com\/site\/wp-json\/wp\/v2\/types\/post"}],"author":[{"embeddable":true,"href":"https:\/\/informebahia.com\/site\/wp-json\/wp\/v2\/users\/2"}],"replies":[{"embeddable":true,"href":"https:\/\/informebahia.com\/site\/wp-json\/wp\/v2\/comments?post=19842"}],"version-history":[{"count":1,"href":"https:\/\/informebahia.com\/site\/wp-json\/wp\/v2\/posts\/19842\/revisions"}],"predecessor-version":[{"id":19847,"href":"https:\/\/informebahia.com\/site\/wp-json\/wp\/v2\/posts\/19842\/revisions\/19847"}],"wp:featuredmedia":[{"embeddable":true,"href":"https:\/\/informebahia.com\/site\/wp-json\/wp\/v2\/media\/19846"}],"wp:attachment":[{"href":"https:\/\/informebahia.com\/site\/wp-json\/wp\/v2\/media?parent=19842"}],"wp:term":[{"taxonomy":"category","embeddable":true,"href":"https:\/\/informebahia.com\/site\/wp-json\/wp\/v2\/categories?post=19842"},{"taxonomy":"post_tag","embeddable":true,"href":"https:\/\/informebahia.com\/site\/wp-json\/wp\/v2\/tags?post=19842"}],"curies":[{"name":"wp","href":"https:\/\/api.w.org\/{rel}","templated":true}]}}