{"id":19861,"date":"2023-09-12T11:53:36","date_gmt":"2023-09-12T14:53:36","guid":{"rendered":"http:\/\/informebahia.com\/site\/?p=19861"},"modified":"2023-09-12T11:53:37","modified_gmt":"2023-09-12T14:53:37","slug":"lula-deve-receber-ana-moser-segunda-ministra-demitida-do-governo-para-dar-lugar-ao-centrao","status":"publish","type":"post","link":"https:\/\/informebahia.com\/site\/2023\/09\/12\/lula-deve-receber-ana-moser-segunda-ministra-demitida-do-governo-para-dar-lugar-ao-centrao\/","title":{"rendered":"Lula deve receber Ana Moser, segunda ministra demitida do governo para dar lugar ao Centr\u00e3o"},"content":{"rendered":"<div class=\"wp-block-image\">\n<figure class=\"aligncenter size-full is-resized\"><img loading=\"lazy\" decoding=\"async\" src=\"https:\/\/informebahia.com\/site\/wp-content\/uploads\/2023\/09\/image-47.png\" alt=\"\" class=\"wp-image-19869\" width=\"450\" height=\"308\" srcset=\"https:\/\/informebahia.com\/site\/wp-content\/uploads\/2023\/09\/image-47.png 900w, https:\/\/informebahia.com\/site\/wp-content\/uploads\/2023\/09\/image-47-300x205.png 300w, https:\/\/informebahia.com\/site\/wp-content\/uploads\/2023\/09\/image-47-768x525.png 768w, https:\/\/informebahia.com\/site\/wp-content\/uploads\/2023\/09\/image-47-218x150.png 218w, https:\/\/informebahia.com\/site\/wp-content\/uploads\/2023\/09\/image-47-696x476.png 696w, https:\/\/informebahia.com\/site\/wp-content\/uploads\/2023\/09\/image-47-615x420.png 615w\" sizes=\"auto, (max-width: 450px) 100vw, 450px\" \/><figcaption>                                            Foto: Divulga\u00e7\u00e3o<\/figcaption><\/figure>\n<\/div>\n\n\n<p>A ex-ministra dos Esportes, Ana Moser, demitida na semana passada ap\u00f3s a reforma ministerial que abriu espa\u00e7o para Centr\u00e3o no governo, deve se encontrar o presidente Lula (PT) nesta ter\u00e7a-feira (12) para uma \u201cconversa de fechamento\u201d. A informa\u00e7\u00e3o \u00e9 do jornal \u201cO Globo\u201d.<\/p>\n\n\n\n<p>Segundo a publica\u00e7\u00e3o, Moser afirmou que Lula se \u201ccomprometeu a dar esse fechamento e deve acontecer isso na ter\u00e7a-feira\u201d. O presidente foi criticado por n\u00e3o ter feito um agradecimento p\u00fablico ao trabalho da ministra no governo.<\/p>\n\n\n\n<p>*Pol\u00edtica Livre<\/p>\n","protected":false},"excerpt":{"rendered":"<p>A ex-ministra dos Esportes, Ana Moser, demitida na semana passada ap\u00f3s a reforma ministerial que abriu espa\u00e7o para Centr\u00e3o no governo, deve se encontrar o presidente Lula (PT) nesta ter\u00e7a-feira (12) para uma \u201cconversa de fechamento\u201d. A informa\u00e7\u00e3o \u00e9 do jornal \u201cO Globo\u201d. Segundo a publica\u00e7\u00e3o, Moser afirmou que Lula se \u201ccomprometeu a dar esse [&hellip;]<\/p>\n","protected":false},"author":2,"featured_media":19869,"comment_status":"closed","ping_status":"open","sticky":false,"template":"","format":"standard","meta":{"footnotes":""},"categories":[17],"tags":[],"class_list":["post-19861","post","type-post","status-publish","format-standard","has-post-thumbnail","hentry","category-politica"],"aioseo_notices":[],"_links":{"self":[{"href":"https:\/\/informebahia.com\/site\/wp-json\/wp\/v2\/posts\/19861","targetHints":{"allow":["GET"]}}],"collection":[{"href":"https:\/\/informebahia.com\/site\/wp-json\/wp\/v2\/posts"}],"about":[{"href":"https:\/\/informebahia.com\/site\/wp-json\/wp\/v2\/types\/post"}],"author":[{"embeddable":true,"href":"https:\/\/informebahia.com\/site\/wp-json\/wp\/v2\/users\/2"}],"replies":[{"embeddable":true,"href":"https:\/\/informebahia.com\/site\/wp-json\/wp\/v2\/comments?post=19861"}],"version-history":[{"count":1,"href":"https:\/\/informebahia.com\/site\/wp-json\/wp\/v2\/posts\/19861\/revisions"}],"predecessor-version":[{"id":19870,"href":"https:\/\/informebahia.com\/site\/wp-json\/wp\/v2\/posts\/19861\/revisions\/19870"}],"wp:featuredmedia":[{"embeddable":true,"href":"https:\/\/informebahia.com\/site\/wp-json\/wp\/v2\/media\/19869"}],"wp:attachment":[{"href":"https:\/\/informebahia.com\/site\/wp-json\/wp\/v2\/media?parent=19861"}],"wp:term":[{"taxonomy":"category","embeddable":true,"href":"https:\/\/informebahia.com\/site\/wp-json\/wp\/v2\/categories?post=19861"},{"taxonomy":"post_tag","embeddable":true,"href":"https:\/\/informebahia.com\/site\/wp-json\/wp\/v2\/tags?post=19861"}],"curies":[{"name":"wp","href":"https:\/\/api.w.org\/{rel}","templated":true}]}}