{"id":19883,"date":"2023-09-13T16:07:14","date_gmt":"2023-09-13T19:07:14","guid":{"rendered":"http:\/\/informebahia.com\/site\/?p=19883"},"modified":"2023-09-13T16:07:15","modified_gmt":"2023-09-13T19:07:15","slug":"programa-vacina-bahia-recebe-dez-veiculos-para-reforcar-imunizacao-no-interior-do-estado","status":"publish","type":"post","link":"https:\/\/informebahia.com\/site\/2023\/09\/13\/programa-vacina-bahia-recebe-dez-veiculos-para-reforcar-imunizacao-no-interior-do-estado\/","title":{"rendered":"Programa Vacina Bahia recebe dez ve\u00edculos para refor\u00e7ar imuniza\u00e7\u00e3o no interior do Estado"},"content":{"rendered":"<div class=\"wp-block-image\">\n<figure class=\"aligncenter size-full is-resized\"><img loading=\"lazy\" decoding=\"async\" src=\"https:\/\/informebahia.com\/site\/wp-content\/uploads\/2023\/09\/image-52.png\" alt=\"\" class=\"wp-image-19890\" width=\"448\" height=\"285\" srcset=\"https:\/\/informebahia.com\/site\/wp-content\/uploads\/2023\/09\/image-52.png 597w, https:\/\/informebahia.com\/site\/wp-content\/uploads\/2023\/09\/image-52-300x191.png 300w\" sizes=\"auto, (max-width: 448px) 100vw, 448px\" \/><figcaption>                           Foto: Pablo Barbosa \/ Sa\u00fade GovBA<\/figcaption><\/figure>\n<\/div>\n\n\n<p>O Programa Vacina Bahia recebeu dez ve\u00edculos para serem integrados \u00e0 estrat\u00e9gia de refor\u00e7o de vacina\u00e7\u00e3o no interior do Estado. A entrega da frota aconteceu, na manh\u00e3 desta quarta-feira (13), na sede da Secretaria da Sa\u00fade da Bahia (Sesab) e contou com a presen\u00e7a do governador Jer\u00f4nimo Rodrigues e da secret\u00e1ria da Sa\u00fade da Bahia, Roberta Santana.&nbsp;&nbsp;&nbsp;<\/p>\n\n\n\n<p>Lan\u00e7ado no m\u00eas de fevereiro e com investimento inicial de R$ 3,7 milh\u00f5es, o Vacina Bahia tem o objetivo de fortalecer todo o calend\u00e1rio vacinal no Estado, principalmente no grupo de crian\u00e7as at\u00e9 um ano, com foco no aumento da cobertura das vacinas contra a Poliomielite, Pentavalente, Pneumo 10 e Tr\u00edplice Viral. No ano passado, a Bahia registrou uma cobertura vacinal de 75,06% para Poliomielite; 75,4% para Pentavalente; 79,4% da Pneumo 10 e 75,6% da Tr\u00edplice Viral.&nbsp;&nbsp;<\/p>\n\n\n\n<p>Na primeira fase, a a\u00e7\u00e3o focou nos 43 munic\u00edpios com at\u00e9 100 mil habitantes com as mais baixas coberturas vacinais e, a partir de agora, ser\u00e1 expandido, passando a contar com a busca ativa e levando os agentes de imuniza\u00e7\u00e3o at\u00e9 as comunidades ind\u00edgenas e quilombolas, por exemplo. Foram beneficiados os N\u00facleos Regionais de Sa\u00fade Leste, Sul, Oeste, Centro Leste, Centro Norte, Nordeste, Extremo Sul, Norte e Sudoeste.&nbsp;&nbsp;<\/p>\n\n\n\n<p>\u201cAlguns munic\u00edpios da Bahia t\u00eam feito um trabalho exemplar, trabalhado constantemente com as metas de vacina\u00e7\u00e3o, mas alguns precisamos estar juntos, colados, incentivando e cobrando. Estamos entregando autom\u00f3veis para que as nossas Regionais de Sa\u00fade possam monitorar, acompanhar e trabalhar para melhorar os \u00edndices de vacina\u00e7\u00e3o no nosso Estado. Esses locais ter\u00e3o autom\u00f3veis, pessoal e estrutura para poder acompanhar e monitorar a vacina\u00e7\u00e3o em cada canto da Bahia&#8221;, disse o governador.&nbsp;&nbsp;&nbsp;<\/p>\n\n\n\n<p>A secret\u00e1ria da sa\u00fade, Roberta Santana ressaltou que, al\u00e9m de campanhas de incentivo \u00e0 imuniza\u00e7\u00e3o, o Estado tamb\u00e9m disponibiliza, desde o in\u00edcio do programa, recursos humanos e equipamentos para os 43 munic\u00edpios com at\u00e9 100 mil habitantes com as mais baixas coberturas vacinais selecionados nessa primeira etapa da a\u00e7\u00e3o.&nbsp;<\/p>\n\n\n\n<p>&#8220;Nos \u00faltimos quatro anos, n\u00f3s tivemos uma baixa nas nossas coberturas vacinais. Hoje, com essa entrega, estamos levando ve\u00edculos para os N\u00facleos Regionais de Sa\u00fade para que a gente possa fazer a busca ativa da vacina\u00e7\u00e3o. A Ideia \u00e9 levar a vacina\u00e7\u00e3o at\u00e9 as comunidades ind\u00edgenas, quilombolas, ribeirinhas. Alinhado com o Governo Federal, no Programa Nacional de Imuniza\u00e7\u00e3o, n\u00f3s estamos fazendo um planejamento para levar a vacina\u00e7\u00e3o a todo o interior do estado. A vacina salva vidas e a gente tem pedido a toda a popula\u00e7\u00e3o que se comprometa com esse movimento&#8221;, pede a secret\u00e1ria.<\/p>\n\n\n\n<p class=\"has-text-align-right\">*Bahia Not\u00edcias<\/p>\n","protected":false},"excerpt":{"rendered":"<p>O Programa Vacina Bahia recebeu dez ve\u00edculos para serem integrados \u00e0 estrat\u00e9gia de refor\u00e7o de vacina\u00e7\u00e3o no interior do Estado. A entrega da frota aconteceu, na manh\u00e3 desta quarta-feira (13), na sede da Secretaria da Sa\u00fade da Bahia (Sesab) e contou com a presen\u00e7a do governador Jer\u00f4nimo Rodrigues e da secret\u00e1ria da Sa\u00fade da Bahia, [&hellip;]<\/p>\n","protected":false},"author":2,"featured_media":19890,"comment_status":"closed","ping_status":"open","sticky":false,"template":"","format":"standard","meta":{"footnotes":""},"categories":[33],"tags":[],"class_list":["post-19883","post","type-post","status-publish","format-standard","has-post-thumbnail","hentry","category-geral"],"aioseo_notices":[],"_links":{"self":[{"href":"https:\/\/informebahia.com\/site\/wp-json\/wp\/v2\/posts\/19883","targetHints":{"allow":["GET"]}}],"collection":[{"href":"https:\/\/informebahia.com\/site\/wp-json\/wp\/v2\/posts"}],"about":[{"href":"https:\/\/informebahia.com\/site\/wp-json\/wp\/v2\/types\/post"}],"author":[{"embeddable":true,"href":"https:\/\/informebahia.com\/site\/wp-json\/wp\/v2\/users\/2"}],"replies":[{"embeddable":true,"href":"https:\/\/informebahia.com\/site\/wp-json\/wp\/v2\/comments?post=19883"}],"version-history":[{"count":1,"href":"https:\/\/informebahia.com\/site\/wp-json\/wp\/v2\/posts\/19883\/revisions"}],"predecessor-version":[{"id":19891,"href":"https:\/\/informebahia.com\/site\/wp-json\/wp\/v2\/posts\/19883\/revisions\/19891"}],"wp:featuredmedia":[{"embeddable":true,"href":"https:\/\/informebahia.com\/site\/wp-json\/wp\/v2\/media\/19890"}],"wp:attachment":[{"href":"https:\/\/informebahia.com\/site\/wp-json\/wp\/v2\/media?parent=19883"}],"wp:term":[{"taxonomy":"category","embeddable":true,"href":"https:\/\/informebahia.com\/site\/wp-json\/wp\/v2\/categories?post=19883"},{"taxonomy":"post_tag","embeddable":true,"href":"https:\/\/informebahia.com\/site\/wp-json\/wp\/v2\/tags?post=19883"}],"curies":[{"name":"wp","href":"https:\/\/api.w.org\/{rel}","templated":true}]}}