{"id":19950,"date":"2023-09-18T14:14:35","date_gmt":"2023-09-18T17:14:35","guid":{"rendered":"http:\/\/informebahia.com\/site\/?p=19950"},"modified":"2023-09-18T14:14:36","modified_gmt":"2023-09-18T17:14:36","slug":"conde-elogia-jogo-consistente-do-vitoria-para-vencer-o-avai-e-esquecer-resultado-desastroso","status":"publish","type":"post","link":"https:\/\/informebahia.com\/site\/2023\/09\/18\/conde-elogia-jogo-consistente-do-vitoria-para-vencer-o-avai-e-esquecer-resultado-desastroso\/","title":{"rendered":"Cond\u00e9 elogia jogo consistente do Vit\u00f3ria para vencer o Ava\u00ed e esquecer resultado &#8220;desastroso&#8221;"},"content":{"rendered":"<div class=\"wp-block-image\">\n<figure class=\"aligncenter size-full is-resized\"><img loading=\"lazy\" decoding=\"async\" src=\"https:\/\/informebahia.com\/site\/wp-content\/uploads\/2023\/09\/image-63.png\" alt=\"\" class=\"wp-image-19951\" width=\"448\" height=\"285\" srcset=\"https:\/\/informebahia.com\/site\/wp-content\/uploads\/2023\/09\/image-63.png 597w, https:\/\/informebahia.com\/site\/wp-content\/uploads\/2023\/09\/image-63-300x191.png 300w\" sizes=\"auto, (max-width: 448px) 100vw, 448px\" \/><figcaption>                            Foto: Victor Ferreira \/ EC Vit\u00f3ria<\/figcaption><\/figure>\n<\/div>\n\n\n<p>O Vit\u00f3ria se reabilitou na S\u00e9rie B ao vencer o Ava\u00ed por 3 a 0, na noite deste domingo (17), no Barrad\u00e3o, pela 28\u00aa rodada. Ap\u00f3s o apito final, o t\u00e9cnico L\u00e9o Cond\u00e9 elogiou a partida consistente do Le\u00e3o que serviu para esquecer o resultado &#8220;desastroso&#8221; que foi a goleada sofrida para o CRB por 6 a 0, fora de casa, na semana anterior.&nbsp;<\/p>\n\n\n\n<p>&#8220;O que foi determinante foi a maneira que trabalhamos durante a semana. O resultado contra o CRB foi desastroso, mas mostramos para os jogadores que t\u00ednhamos que fazer nos treinamentos aquilo que fizemos em toda a competi\u00e7\u00e3o, com seriedade e comprometimento. A gente tinha que fazer valer o nosso mando. Marcamos bem o Ava\u00ed, eles tiveram o controle da posse de bola, mas n\u00e3o nos amea\u00e7aram, as melhores chances foram nossas&#8221;, afirmou na entrevista coletiva. &#8220;J\u00e1 estava na hora de fazer um gol de bola parada, treinamos isso toda semana. No segundo tempo tivemos as melhores a\u00e7\u00f5es, e passamos a aproveitar melhor os contra-ataques, com Nem e Osvaldo. Poder\u00edamos ter feito at\u00e9 o quarto gol, mas foi uma partida bem consistente nossa diante do torcedor&#8221;, completou.&nbsp;<\/p>\n\n\n\n<p>Com o resultado, o Rubro-Negro retomou a lideran\u00e7a da tabela de classifica\u00e7\u00e3o ao somar 52 pontos, dois a mais do que o Guarani, que \u00e9 segundo. Al\u00e9m disso, a diferen\u00e7a para o quinto lugar, ocupado pelo Juventude, que est\u00e1 fora do G-4, \u00e9 de cinco pontos. O time baiano volta a jogar na pr\u00f3xima sexta-feira (22), \u00e0s 21h30, contra o Ituano, no Novelli J\u00fanior, pela 29\u00aa rodada.<\/p>\n\n\n\n<p>&#8220;Esse \u00e9 o momento de estar sempre focando no pr\u00f3ximo jogo. O campeonato est\u00e1 muito equilibrado. Tem nove ou dez equipes brigando por quatro vagas. N\u00e3o vamos cair nessa armadilha. Ainda n\u00e3o tem t\u00edtulo ou acesso certo&#8221;, finalizou Cond\u00e9.<\/p>\n\n\n\n<p class=\"has-text-align-right\">*Bahia Not\u00edcias<\/p>\n","protected":false},"excerpt":{"rendered":"<p>O Vit\u00f3ria se reabilitou na S\u00e9rie B ao vencer o Ava\u00ed por 3 a 0, na noite deste domingo (17), no Barrad\u00e3o, pela 28\u00aa rodada. Ap\u00f3s o apito final, o t\u00e9cnico L\u00e9o Cond\u00e9 elogiou a partida consistente do Le\u00e3o que serviu para esquecer o resultado &#8220;desastroso&#8221; que foi a goleada sofrida para o CRB por [&hellip;]<\/p>\n","protected":false},"author":2,"featured_media":19951,"comment_status":"closed","ping_status":"open","sticky":false,"template":"","format":"standard","meta":{"footnotes":""},"categories":[20],"tags":[],"class_list":["post-19950","post","type-post","status-publish","format-standard","has-post-thumbnail","hentry","category-esporte"],"aioseo_notices":[],"_links":{"self":[{"href":"https:\/\/informebahia.com\/site\/wp-json\/wp\/v2\/posts\/19950","targetHints":{"allow":["GET"]}}],"collection":[{"href":"https:\/\/informebahia.com\/site\/wp-json\/wp\/v2\/posts"}],"about":[{"href":"https:\/\/informebahia.com\/site\/wp-json\/wp\/v2\/types\/post"}],"author":[{"embeddable":true,"href":"https:\/\/informebahia.com\/site\/wp-json\/wp\/v2\/users\/2"}],"replies":[{"embeddable":true,"href":"https:\/\/informebahia.com\/site\/wp-json\/wp\/v2\/comments?post=19950"}],"version-history":[{"count":1,"href":"https:\/\/informebahia.com\/site\/wp-json\/wp\/v2\/posts\/19950\/revisions"}],"predecessor-version":[{"id":19952,"href":"https:\/\/informebahia.com\/site\/wp-json\/wp\/v2\/posts\/19950\/revisions\/19952"}],"wp:featuredmedia":[{"embeddable":true,"href":"https:\/\/informebahia.com\/site\/wp-json\/wp\/v2\/media\/19951"}],"wp:attachment":[{"href":"https:\/\/informebahia.com\/site\/wp-json\/wp\/v2\/media?parent=19950"}],"wp:term":[{"taxonomy":"category","embeddable":true,"href":"https:\/\/informebahia.com\/site\/wp-json\/wp\/v2\/categories?post=19950"},{"taxonomy":"post_tag","embeddable":true,"href":"https:\/\/informebahia.com\/site\/wp-json\/wp\/v2\/tags?post=19950"}],"curies":[{"name":"wp","href":"https:\/\/api.w.org\/{rel}","templated":true}]}}