{"id":19969,"date":"2023-09-18T18:41:54","date_gmt":"2023-09-18T21:41:54","guid":{"rendered":"http:\/\/informebahia.com\/site\/?p=19969"},"modified":"2023-09-26T17:41:04","modified_gmt":"2023-09-26T20:41:04","slug":"jeronimo-nao-vai-subir-em-palanques-dos-municipios-de-euclides-da-cunha-e-conceicao-do-coite-em-2024","status":"publish","type":"post","link":"https:\/\/informebahia.com\/site\/2023\/09\/18\/jeronimo-nao-vai-subir-em-palanques-dos-municipios-de-euclides-da-cunha-e-conceicao-do-coite-em-2024\/","title":{"rendered":"Jer\u00f4nimo n\u00e3o vai subir em palanques dos munic\u00edpios de Euclides da Cunha e Concei\u00e7\u00e3o do Coit\u00e9 em 2024"},"content":{"rendered":"<div class=\"wp-block-image\">\n<figure class=\"aligncenter size-full\"><img loading=\"lazy\" decoding=\"async\" width=\"600\" height=\"384\" src=\"https:\/\/informebahia.com\/site\/wp-content\/uploads\/2023\/09\/cats-1.jpg\" alt=\"\" class=\"wp-image-19970\" srcset=\"https:\/\/informebahia.com\/site\/wp-content\/uploads\/2023\/09\/cats-1.jpg 600w, https:\/\/informebahia.com\/site\/wp-content\/uploads\/2023\/09\/cats-1-300x192.jpg 300w\" sizes=\"auto, (max-width: 600px) 100vw, 600px\" \/><\/figure>\n<\/div>\n\n\n<p>O governador Jer\u00f4nimo Rodrigues (PT) deixou claro nesta segunda-feira (18), em Euclides da Cunha: nas elei\u00e7\u00f5es de 2024, n\u00e3o vai tomar parte na disputa local, que envolve tradicionais aliados, descartando a possibilidade de candidatura \u00fanica da base. O mesmo deve ocorrer em Concei\u00e7\u00e3o do Coit\u00e9.<\/p>\n\n\n\n<p>Os dois munic\u00edpios est\u00e3o entre os quatro maiores da chamada mesorregi\u00e3o do nordeste da Bahia, ficando atr\u00e1s apenas de Alagoinhas e Serrinha, cidades em que, ao contr\u00e1rio, h\u00e1 possibilidade real de candidaturas \u00fanicas a prefeito no pleito do ano que vem.<\/p>\n\n\n\n<p>Em Euclides da Cunha e Concei\u00e7\u00e3o do Coit\u00e9, o cen\u00e1rio \u00e9 de \u201cbanda a\u201d e \u201cbanda b\u201d, com intensa disputa local entre aliados. Na primeira, o prefeito Luciano Pinheiro \u00e9 aliado de Jer\u00f4nimo, mesmo sendo do PDT, partido que est\u00e1 na oposi\u00e7\u00e3o, mas tem como advers\u00e1rio o grupo liderado pelo ex-prefeito e ex-deputado federal Jos\u00e9 Nunes (PSD), que almeja retomar o poder local.<\/p>\n\n\n\n<p>A disputa \u00e9 t\u00e3o intensa que as principais lideran\u00e7as do grupo de Jos\u00e9 Nunes n\u00e3o marcaram presen\u00e7a hoje na inaugura\u00e7\u00e3o, feita eu Euclides da Cunha pelo governador, da nova sede do Centro Territorial de Educa\u00e7\u00e3o Profissional Sert\u00e3o Forte (Cetep Sert\u00e3o Forte), num investimento de R$ 27,9 milh\u00f5es.<\/p>\n\n\n\n<p>Entre os ausentes, destaque para o filho do ex-prefeito, o deputado federal Gabriel Nunes (PSD), e o deputado estadual Adolfo Menezes (PSD), presidente da Assembleia Legislativa e que tamb\u00e9m teve vota\u00e7\u00e3o destacada no munic\u00edpio. J\u00e1 entre os presentes estavam o l\u00edder do Uni\u00e3o Brasil na Assembleia Legislativa, deputado Marcinho Oliveira, que foi apoiado pelo prefeito e faz oposi\u00e7\u00e3o a Jer\u00f4nimo.<\/p>\n\n\n\n<p>Em discurso na solenidade, Jer\u00f4nimo destacou o trabalho de Luciano Ribeiro, mas agradeceu tamb\u00e9m ao apoio do grupo de Jos\u00e9 Nunes. Ele afirmou que n\u00e3o ir\u00e1 se intrometer na disputa local, como fez o ex-governador e atual ministro da Casa Civil, Rui Costa (PT), em 2020.<\/p>\n\n\n\n<p>\u201cFomos convidados pelo governador, que citou, no discurso que fez em Euclides da Cunha, a import\u00e2ncia do apoio do nosso grupo a ele. Decidimos n\u00e3o comparecer para evitar subir a temperatura antes do tempo. \u00c9 uma disputa muito forte de um lado e de outro, e nossa aus\u00eancia n\u00e3o tem qualquer rela\u00e7\u00e3o com Jer\u00f4nimo, mas sim com a quest\u00e3o da pol\u00edtica local. Vamos entender, inclusive, a postura do governador de ficar distante da elei\u00e7\u00e3o em Euclides da Cunha, o que \u00e9, acredito, a melhor decis\u00e3o\u201d, disse Gabriel Nunes a este&nbsp;Pol\u00edtica Livre.<\/p>\n\n\n\n<p>Em Concei\u00e7\u00e3o do Coit\u00e9, a 150 quil\u00f4metros de Euclides da Cunha, Jer\u00f4nimo tem dito que ainda pretende trabalhar pela uni\u00e3o das lideran\u00e7as do PT e do PSD, que disputam o protagonismo pol\u00edtico na oposi\u00e7\u00e3o ao prefeito Marcelo Ara\u00fajo (Uni\u00e3o), que concorre \u00e0 reelei\u00e7\u00e3o, ao contr\u00e1rio de Luciano Pinheiro, que est\u00e1 no segundo mandato consecutivo.<\/p>\n\n\n\n<p>\u201cJ\u00e1 avisamos ao governador e ao senador Otto Alencar, presidente estadual do PSD, que n\u00e3o existe possibilidade de compor com o PT em Coit\u00e9. Isso est\u00e1 descartado\u201d, afirmou ao site o deputado estadual Alex da Piat\u00e3, que vai lan\u00e7ar a esposa, Genivalda Pinto da Silva, mais conhecida como Val (PSD), para disputar a Prefeitura.<\/p>\n\n\n\n<p>O detalhe \u00e9 que Val foi vice-prefeita de Concei\u00e7\u00e3o do Coit\u00e9 quando o prefeito era Francisco de Assis, principal lideran\u00e7a do PT na cidade e que pode se lan\u00e7ar em 2024. Os dois grupos romperam ap\u00f3s o pleito de 2020, quando o petista n\u00e3o conseguiu fazer o sucessor.<\/p>\n\n\n\n<p>\u201cV\u00e1rias lideran\u00e7as do PT, inclusive o vereador e ex-presidente da C\u00e2mara Municipal Bet\u00e3o, que ser\u00e1 o vice de Val, est\u00e3o migrando para nosso grupo. Bet\u00e3o vai deixar o PT na janela partid\u00e1ria. A expectativa \u00e9 que mais de 200 filiados petistas estejam conosco\u201d, declarou Alex. No \u00faltimo s\u00e1bado, Val, que j\u00e1 contava com o respaldo do Avante, recebeu o apoio do MDB. \u201cEstamos dialogando com todos os partidos da base do governo\u201d, concluiu o deputado do PSD.<\/p>\n\n\n\n<p class=\"has-text-align-right\">Via Politica Livre<\/p>\n","protected":false},"excerpt":{"rendered":"<p>O governador Jer\u00f4nimo Rodrigues (PT) deixou claro nesta segunda-feira (18), em Euclides da Cunha: nas elei\u00e7\u00f5es de 2024, n\u00e3o vai tomar parte na disputa local, que envolve tradicionais aliados, descartando a possibilidade de candidatura \u00fanica da base. O mesmo deve ocorrer em Concei\u00e7\u00e3o do Coit\u00e9. Os dois munic\u00edpios est\u00e3o entre os quatro maiores da chamada [&hellip;]<\/p>\n","protected":false},"author":2,"featured_media":19970,"comment_status":"closed","ping_status":"open","sticky":false,"template":"","format":"standard","meta":{"footnotes":""},"categories":[17],"tags":[],"class_list":["post-19969","post","type-post","status-publish","format-standard","has-post-thumbnail","hentry","category-politica"],"aioseo_notices":[],"_links":{"self":[{"href":"https:\/\/informebahia.com\/site\/wp-json\/wp\/v2\/posts\/19969","targetHints":{"allow":["GET"]}}],"collection":[{"href":"https:\/\/informebahia.com\/site\/wp-json\/wp\/v2\/posts"}],"about":[{"href":"https:\/\/informebahia.com\/site\/wp-json\/wp\/v2\/types\/post"}],"author":[{"embeddable":true,"href":"https:\/\/informebahia.com\/site\/wp-json\/wp\/v2\/users\/2"}],"replies":[{"embeddable":true,"href":"https:\/\/informebahia.com\/site\/wp-json\/wp\/v2\/comments?post=19969"}],"version-history":[{"count":2,"href":"https:\/\/informebahia.com\/site\/wp-json\/wp\/v2\/posts\/19969\/revisions"}],"predecessor-version":[{"id":20127,"href":"https:\/\/informebahia.com\/site\/wp-json\/wp\/v2\/posts\/19969\/revisions\/20127"}],"wp:featuredmedia":[{"embeddable":true,"href":"https:\/\/informebahia.com\/site\/wp-json\/wp\/v2\/media\/19970"}],"wp:attachment":[{"href":"https:\/\/informebahia.com\/site\/wp-json\/wp\/v2\/media?parent=19969"}],"wp:term":[{"taxonomy":"category","embeddable":true,"href":"https:\/\/informebahia.com\/site\/wp-json\/wp\/v2\/categories?post=19969"},{"taxonomy":"post_tag","embeddable":true,"href":"https:\/\/informebahia.com\/site\/wp-json\/wp\/v2\/tags?post=19969"}],"curies":[{"name":"wp","href":"https:\/\/api.w.org\/{rel}","templated":true}]}}