{"id":19973,"date":"2023-09-19T11:01:57","date_gmt":"2023-09-19T14:01:57","guid":{"rendered":"http:\/\/informebahia.com\/site\/?p=19973"},"modified":"2023-09-19T11:01:59","modified_gmt":"2023-09-19T14:01:59","slug":"vitoria-ou-triunfo-ceni-se-desculpa-por-citar-nome-de-rival-do-bahia-durante-coletiva","status":"publish","type":"post","link":"https:\/\/informebahia.com\/site\/2023\/09\/19\/vitoria-ou-triunfo-ceni-se-desculpa-por-citar-nome-de-rival-do-bahia-durante-coletiva\/","title":{"rendered":"Vit\u00f3ria ou triunfo? Ceni se desculpa por citar nome de rival do Bahia durante coletiva"},"content":{"rendered":"<div class=\"wp-block-image\">\n<figure class=\"aligncenter size-full is-resized\"><img loading=\"lazy\" decoding=\"async\" src=\"https:\/\/informebahia.com\/site\/wp-content\/uploads\/2023\/09\/image-68.png\" alt=\"\" class=\"wp-image-19979\" width=\"448\" height=\"285\" srcset=\"https:\/\/informebahia.com\/site\/wp-content\/uploads\/2023\/09\/image-68.png 597w, https:\/\/informebahia.com\/site\/wp-content\/uploads\/2023\/09\/image-68-300x191.png 300w\" sizes=\"auto, (max-width: 448px) 100vw, 448px\" \/><figcaption>                      Foto: Maur\u00edcia da Matta \/ Bahia Not\u00edcias<\/figcaption><\/figure>\n<\/div>\n\n\n<p>A entrevista coletiva do t\u00e9cnico Rog\u00e9rio Ceni ap\u00f3s a derrota para o Santos na \u00faltima segunda-feira (18), na Arena Fonte Nova, foi marcada por um momento embara\u00e7oso. Ao falar sobre o momento da equipe, que voltou a se aproximar da zona de rebaixamento, o comandante tricolor pediu desculpas por falar &#8220;vit\u00f3ria&#8221;, quando se referia a um resultado positivo.&nbsp;<\/p>\n\n\n\n<p>Para parte da torcida do Bahia, a palavra deve ser evitada e trocada por &#8220;triunfo&#8221;. A adapta\u00e7\u00e3o \u00e9 recomendada a jogadores e membros da comiss\u00e3o t\u00e9cnica. Vale lembrar que muitos destes ainda n\u00e3o est\u00e3o adaptados ao cl\u00e1ssico Ba-Vi.&nbsp;<\/p>\n\n\n\n<p>Nas redes sociais, torcedores do Vit\u00f3ria usaram o corte do v\u00eddeo para brincar com a situa\u00e7\u00e3o. Nos jogos do Rubro-negro, torcedores j\u00e1 levantaram um bandeir\u00e3o com a frase &#8220;temidos a ponto deles se recusarem a dizer o nosso nome&#8221;.&nbsp;<\/p>\n\n\n\n<p>Seja vit\u00f3ria, triunfo, bom resultado, ou tr\u00eas pontos, o Bahia precisa evoluir no Campeonato Brasileiro para evitar mais um rebaixamento. O pr\u00f3ximo desafio do Esquadr\u00e3o de A\u00e7o ser\u00e1 no pr\u00f3ximo dia 30 de setembro, contra o Flamengo, fora de casa.<\/p>\n\n\n\n<p>Veja o v\u00eddeo:&nbsp;<\/p>\n\n\n\n<blockquote class=\"twitter-tweet\"><p lang=\"pt\" dir=\"ltr\">Vit\u00f3ria ou triunfo? Rog\u00e9rio Ceni se desculpa por citar nome de rival do Bahia durante coletiva <a href=\"https:\/\/twitter.com\/hashtag\/BNEsportes?src=hash&amp;ref_src=twsrc%5Etfw\">#BNEsportes<\/a> <a href=\"https:\/\/t.co\/ZnKE8tIN4Y\">pic.twitter.com\/ZnKE8tIN4Y<\/a><\/p>&mdash; BN Esportes (@bnesportes) <a href=\"https:\/\/twitter.com\/bnesportes\/status\/1704093343100067995?ref_src=twsrc%5Etfw\">September 19, 2023<\/a><\/blockquote> <script async src=\"https:\/\/platform.twitter.com\/widgets.js\" charset=\"utf-8\"><\/script>\n\n\n\n<p class=\"has-text-align-right\">*Bahia Not\u00edcias<\/p>\n","protected":false},"excerpt":{"rendered":"<p>A entrevista coletiva do t\u00e9cnico Rog\u00e9rio Ceni ap\u00f3s a derrota para o Santos na \u00faltima segunda-feira (18), na Arena Fonte Nova, foi marcada por um momento embara\u00e7oso. Ao falar sobre o momento da equipe, que voltou a se aproximar da zona de rebaixamento, o comandante tricolor pediu desculpas por falar &#8220;vit\u00f3ria&#8221;, quando se referia a [&hellip;]<\/p>\n","protected":false},"author":2,"featured_media":19979,"comment_status":"closed","ping_status":"open","sticky":false,"template":"","format":"standard","meta":{"footnotes":""},"categories":[20],"tags":[],"class_list":["post-19973","post","type-post","status-publish","format-standard","has-post-thumbnail","hentry","category-esporte"],"aioseo_notices":[],"_links":{"self":[{"href":"https:\/\/informebahia.com\/site\/wp-json\/wp\/v2\/posts\/19973","targetHints":{"allow":["GET"]}}],"collection":[{"href":"https:\/\/informebahia.com\/site\/wp-json\/wp\/v2\/posts"}],"about":[{"href":"https:\/\/informebahia.com\/site\/wp-json\/wp\/v2\/types\/post"}],"author":[{"embeddable":true,"href":"https:\/\/informebahia.com\/site\/wp-json\/wp\/v2\/users\/2"}],"replies":[{"embeddable":true,"href":"https:\/\/informebahia.com\/site\/wp-json\/wp\/v2\/comments?post=19973"}],"version-history":[{"count":1,"href":"https:\/\/informebahia.com\/site\/wp-json\/wp\/v2\/posts\/19973\/revisions"}],"predecessor-version":[{"id":19980,"href":"https:\/\/informebahia.com\/site\/wp-json\/wp\/v2\/posts\/19973\/revisions\/19980"}],"wp:featuredmedia":[{"embeddable":true,"href":"https:\/\/informebahia.com\/site\/wp-json\/wp\/v2\/media\/19979"}],"wp:attachment":[{"href":"https:\/\/informebahia.com\/site\/wp-json\/wp\/v2\/media?parent=19973"}],"wp:term":[{"taxonomy":"category","embeddable":true,"href":"https:\/\/informebahia.com\/site\/wp-json\/wp\/v2\/categories?post=19973"},{"taxonomy":"post_tag","embeddable":true,"href":"https:\/\/informebahia.com\/site\/wp-json\/wp\/v2\/tags?post=19973"}],"curies":[{"name":"wp","href":"https:\/\/api.w.org\/{rel}","templated":true}]}}