{"id":22525,"date":"2024-02-05T07:56:30","date_gmt":"2024-02-05T10:56:30","guid":{"rendered":"http:\/\/informebahia.com\/site\/?p=22525"},"modified":"2024-02-05T07:56:30","modified_gmt":"2024-02-05T10:56:30","slug":"governo-lula-vai-liberar-trabalho-em-feriado-para-bares-restaurantes-saloes-de-beleza-e-outros","status":"publish","type":"post","link":"https:\/\/informebahia.com\/site\/2024\/02\/05\/governo-lula-vai-liberar-trabalho-em-feriado-para-bares-restaurantes-saloes-de-beleza-e-outros\/","title":{"rendered":"Governo Lula vai liberar trabalho em feriado para bares, restaurantes, sal\u00f5es de beleza e outros"},"content":{"rendered":"<div class=\"wp-block-image\">\n<figure class=\"aligncenter size-full is-resized\"><img loading=\"lazy\" decoding=\"async\" width=\"900\" height=\"615\" src=\"https:\/\/informebahia.com\/site\/wp-content\/uploads\/2024\/02\/image-15.png\" alt=\"\" class=\"wp-image-22526\" style=\"width:500px\" srcset=\"https:\/\/informebahia.com\/site\/wp-content\/uploads\/2024\/02\/image-15.png 900w, https:\/\/informebahia.com\/site\/wp-content\/uploads\/2024\/02\/image-15-300x205.png 300w, https:\/\/informebahia.com\/site\/wp-content\/uploads\/2024\/02\/image-15-768x525.png 768w\" sizes=\"auto, (max-width: 900px) 100vw, 900px\" \/><figcaption class=\"wp-element-caption\">Foto: Geraldo Magela\/Arquivo\/Ag\u00eancia Senado<\/figcaption><\/figure>\n<\/div>\n\n\n<p>O Minist\u00e9rio do Trabalho est\u00e1 finalizando a lista dos setores que poder\u00e3o trabalhar nos feriados sem a necessidade de autoriza\u00e7\u00e3o por meio de conven\u00e7\u00e3o coletiva, negociada entre sindicatos e empresas.<\/p>\n\n\n\n<p>Al\u00e9m de farm\u00e1cias e postos de gasolina, j\u00e1 anunciados pelo ministro do Trabalho, Luiz Marinho, poder\u00e3o abrir em feriados, sem negocia\u00e7\u00e3o coletiva, o com\u00e9rcio de flores e coroas funer\u00e1rias, p\u00e3es e biscoitos, sal\u00f5es de beleza, pontos de g\u00e1s, locadoras de bicicleta, parques de divers\u00e3o, estabelecimentos esportivos (como est\u00e1dios de futebol), feiras de livros, feiras e exposi\u00e7\u00f5es e ag\u00eancias de turismo.<\/p>\n\n\n\n<p>Hot\u00e9is, restaurantes, bares e similares tamb\u00e9m entrar\u00e3o na lista de exce\u00e7\u00f5es \u00e0 regra do acordo coletivo. Ela deve contemplar cerca de 200 setores.<\/p>\n\n\n\n<p>No ano passado, Marinho revogou medida do governo de Jair Bolsonaro que liberava o com\u00e9rcio para o trabalho em feriados sem negocia\u00e7\u00e3o coletiva.<\/p>\n\n\n\n<p>O ministro diz que a medida contraria a lei 10.101, de 2000, que afirma expressamente ser permitido o trabalho em feriados no com\u00e9rcio, \u201cdesde que autorizado em conven\u00e7\u00e3o coletiva de trabalho e observada a legisla\u00e7\u00e3o municipal\u201d.<\/p>\n\n\n\n<p>Bolsonaro havia liberado o com\u00e9rcio para trabalhar em feriados sem negocia\u00e7\u00e3o coletiva em 2021, justificando que isso aumentaria contrata\u00e7\u00f5es e n\u00famero de empregos.<\/p>\n\n\n\n<p>Marinho acredita que a lei deveria voltar a valer para todas as categorias. \u201cN\u00e3o h\u00e1 proibi\u00e7\u00e3o, apenas a exig\u00eancia de uma negocia\u00e7\u00e3o. O pa\u00eds precisa perder o medo de acordos\u201d, afirma. \u201cO trabalhador tem o direito de se programar.\u201d<\/p>\n\n\n\n<p>A rea\u00e7\u00e3o \u00e0 iniciativa levou o minist\u00e9rio a abrir negocia\u00e7\u00e3o com entidades patronais e de trabalhadores. O resultado foi a elabora\u00e7\u00e3o da lista com 200 setores considerados essenciais que ser\u00e3o liberados da obriga\u00e7\u00e3o de negociar.<\/p>\n\n\n\n<p class=\"has-text-align-right\">*Pol\u00edtica Livre<\/p>\n","protected":false},"excerpt":{"rendered":"<p>O Minist\u00e9rio do Trabalho est\u00e1 finalizando a lista dos setores que poder\u00e3o trabalhar nos feriados sem a necessidade de autoriza\u00e7\u00e3o por meio de conven\u00e7\u00e3o coletiva, negociada entre sindicatos e empresas. Al\u00e9m de farm\u00e1cias e postos de gasolina, j\u00e1 anunciados pelo ministro do Trabalho, Luiz Marinho, poder\u00e3o abrir em feriados, sem negocia\u00e7\u00e3o coletiva, o com\u00e9rcio de [&hellip;]<\/p>\n","protected":false},"author":1,"featured_media":22526,"comment_status":"closed","ping_status":"open","sticky":false,"template":"","format":"standard","meta":{"footnotes":""},"categories":[17],"tags":[],"class_list":["post-22525","post","type-post","status-publish","format-standard","has-post-thumbnail","hentry","category-politica"],"aioseo_notices":[],"_links":{"self":[{"href":"https:\/\/informebahia.com\/site\/wp-json\/wp\/v2\/posts\/22525","targetHints":{"allow":["GET"]}}],"collection":[{"href":"https:\/\/informebahia.com\/site\/wp-json\/wp\/v2\/posts"}],"about":[{"href":"https:\/\/informebahia.com\/site\/wp-json\/wp\/v2\/types\/post"}],"author":[{"embeddable":true,"href":"https:\/\/informebahia.com\/site\/wp-json\/wp\/v2\/users\/1"}],"replies":[{"embeddable":true,"href":"https:\/\/informebahia.com\/site\/wp-json\/wp\/v2\/comments?post=22525"}],"version-history":[{"count":1,"href":"https:\/\/informebahia.com\/site\/wp-json\/wp\/v2\/posts\/22525\/revisions"}],"predecessor-version":[{"id":22527,"href":"https:\/\/informebahia.com\/site\/wp-json\/wp\/v2\/posts\/22525\/revisions\/22527"}],"wp:featuredmedia":[{"embeddable":true,"href":"https:\/\/informebahia.com\/site\/wp-json\/wp\/v2\/media\/22526"}],"wp:attachment":[{"href":"https:\/\/informebahia.com\/site\/wp-json\/wp\/v2\/media?parent=22525"}],"wp:term":[{"taxonomy":"category","embeddable":true,"href":"https:\/\/informebahia.com\/site\/wp-json\/wp\/v2\/categories?post=22525"},{"taxonomy":"post_tag","embeddable":true,"href":"https:\/\/informebahia.com\/site\/wp-json\/wp\/v2\/tags?post=22525"}],"curies":[{"name":"wp","href":"https:\/\/api.w.org\/{rel}","templated":true}]}}