{"id":22545,"date":"2024-02-05T21:25:35","date_gmt":"2024-02-06T00:25:35","guid":{"rendered":"https:\/\/informebahia.com\/site\/?p=22545"},"modified":"2024-02-05T21:25:36","modified_gmt":"2024-02-06T00:25:36","slug":"prefeitura-de-coite-promove-jornada-pedagogica-2024-mapeamento-de-aprendizagens-e-orquestrando-dialogos-para-educacao-efetiva-e-afetiva","status":"publish","type":"post","link":"https:\/\/informebahia.com\/site\/2024\/02\/05\/prefeitura-de-coite-promove-jornada-pedagogica-2024-mapeamento-de-aprendizagens-e-orquestrando-dialogos-para-educacao-efetiva-e-afetiva\/","title":{"rendered":"Prefeitura de Coit\u00e9 promove jornada pedag\u00f3gica 2024: mapeamento de aprendizagens e orquestrando di\u00e1logos para educa\u00e7\u00e3o efetiva e afetiva"},"content":{"rendered":"<div class=\"wp-block-image\">\n<figure class=\"aligncenter size-full is-resized\"><img loading=\"lazy\" decoding=\"async\" width=\"1024\" height=\"682\" src=\"https:\/\/informebahia.com\/site\/wp-content\/uploads\/2024\/02\/Imagem-do-WhatsApp-de-2024-02-05-as-20.03.04_9c3e9abc.jpg\" alt=\"\" class=\"wp-image-22546\" style=\"width:600px\" srcset=\"https:\/\/informebahia.com\/site\/wp-content\/uploads\/2024\/02\/Imagem-do-WhatsApp-de-2024-02-05-as-20.03.04_9c3e9abc.jpg 1024w, https:\/\/informebahia.com\/site\/wp-content\/uploads\/2024\/02\/Imagem-do-WhatsApp-de-2024-02-05-as-20.03.04_9c3e9abc-300x200.jpg 300w, https:\/\/informebahia.com\/site\/wp-content\/uploads\/2024\/02\/Imagem-do-WhatsApp-de-2024-02-05-as-20.03.04_9c3e9abc-768x512.jpg 768w\" sizes=\"auto, (max-width: 1024px) 100vw, 1024px\" \/><\/figure>\n<\/div>\n\n\n<p>A Prefeitura de Coit\u00e9, por meio da Secretaria Municipal de Educa\u00e7\u00e3o, inicia sua Jornada Pedag\u00f3gica 2024, com o objetivo de promover o mapeamento de aprendizagens e fomentar di\u00e1logos para uma educa\u00e7\u00e3o efetiva e afetiva. O evento, que ocorre de 05 a 09 de fevereiro, reuniu educadores, gestores, coordenadores e profissionais de apoio para discutir estrat\u00e9gias pedag\u00f3gicas e planejar o ano letivo que se inicia.<\/p>\n\n\n\n<p>A abertura oficial aconteceu no gin\u00e1sio de esportes, com destaque para a palestra magna proferida por Gabriel Periss\u00e9, renomado mestre em literatura brasileira pela USP, doutor em filosofia pela USP e com p\u00f3s-doutorado em filosofia e hist\u00f3ria da educa\u00e7\u00e3o pela UNICAMP. Autor de mais de 25 livros, Periss\u00e9 trouxe insights valiosos sobre o panorama educacional atual e a import\u00e2ncia do mapeamento de aprendizagens.<\/p>\n\n\n\n<p>\u201cEstou muito orgulhoso com os avan\u00e7os que estamos dando na educa\u00e7\u00e3o. Oferecemos \u00e0s crian\u00e7as infraestrutura adequada, ensino de qualidade e, sobretudo, humanizado, baseado no acolhimento e no desenvolvimento de habilidades art\u00edsticas e esportivas, para al\u00e9m do ensino tradicional\u201d, aponta Marcelo Ara\u00fajo, prefeito.<\/p>\n\n\n\n<p>O evento contou tamb\u00e9m com a participa\u00e7\u00e3o de Valney Jos\u00e9 Silva dos Santos, professor, psic\u00f3logo e m\u00fasico, que abordou o tema &#8220;Di\u00e1logo musicado: educa\u00e7\u00e3o socioemocional, escola que acolhe, ensino que humaniza&#8221;. Sua palestra proporcionou reflex\u00f5es profundas sobre a conex\u00e3o entre a m\u00fasica, as emo\u00e7\u00f5es e o ambiente escolar, enfatizando a import\u00e2ncia de uma educa\u00e7\u00e3o que priorize o acolhimento e a humaniza\u00e7\u00e3o.<\/p>\n\n\n\n<p>Nos pr\u00f3ximos dias, a programa\u00e7\u00e3o da Jornada Pedag\u00f3gica seguir\u00e1 com di\u00e1logos formativos direcionados a gestores, professores, coordenadores e profissionais de apoio. Al\u00e9m disso, ser\u00e3o oferecidos workshops espec\u00edficos para gestores, coordenadores e professores, visando o aprimoramento das pr\u00e1ticas pedag\u00f3gicas e a constru\u00e7\u00e3o de estrat\u00e9gias inovadoras.<\/p>\n\n\n\n<p>Este evento representa um momento crucial para a comunidade educacional de Concei\u00e7\u00e3o do Coit\u00e9, promovendo a troca de experi\u00eancias e conhecimentos, fortalecendo o compromisso com uma educa\u00e7\u00e3o de qualidade. A Jornada Pedag\u00f3gica 2024 \u00e9 uma oportunidade \u00fanica para construir la\u00e7os, compartilhar ideias e construir um ambiente educacional ainda mais&nbsp;inspirador.<\/p>\n","protected":false},"excerpt":{"rendered":"<p>A Prefeitura de Coit\u00e9, por meio da Secretaria Municipal de Educa\u00e7\u00e3o, inicia sua Jornada Pedag\u00f3gica 2024, com o objetivo de promover o mapeamento de aprendizagens e fomentar di\u00e1logos para uma educa\u00e7\u00e3o efetiva e afetiva. O evento, que ocorre de 05 a 09 de fevereiro, reuniu educadores, gestores, coordenadores e profissionais de apoio para discutir estrat\u00e9gias [&hellip;]<\/p>\n","protected":false},"author":1,"featured_media":22546,"comment_status":"closed","ping_status":"open","sticky":false,"template":"","format":"standard","meta":{"footnotes":""},"categories":[2],"tags":[],"class_list":["post-22545","post","type-post","status-publish","format-standard","has-post-thumbnail","hentry","category-destaq"],"aioseo_notices":[],"_links":{"self":[{"href":"https:\/\/informebahia.com\/site\/wp-json\/wp\/v2\/posts\/22545","targetHints":{"allow":["GET"]}}],"collection":[{"href":"https:\/\/informebahia.com\/site\/wp-json\/wp\/v2\/posts"}],"about":[{"href":"https:\/\/informebahia.com\/site\/wp-json\/wp\/v2\/types\/post"}],"author":[{"embeddable":true,"href":"https:\/\/informebahia.com\/site\/wp-json\/wp\/v2\/users\/1"}],"replies":[{"embeddable":true,"href":"https:\/\/informebahia.com\/site\/wp-json\/wp\/v2\/comments?post=22545"}],"version-history":[{"count":1,"href":"https:\/\/informebahia.com\/site\/wp-json\/wp\/v2\/posts\/22545\/revisions"}],"predecessor-version":[{"id":22547,"href":"https:\/\/informebahia.com\/site\/wp-json\/wp\/v2\/posts\/22545\/revisions\/22547"}],"wp:featuredmedia":[{"embeddable":true,"href":"https:\/\/informebahia.com\/site\/wp-json\/wp\/v2\/media\/22546"}],"wp:attachment":[{"href":"https:\/\/informebahia.com\/site\/wp-json\/wp\/v2\/media?parent=22545"}],"wp:term":[{"taxonomy":"category","embeddable":true,"href":"https:\/\/informebahia.com\/site\/wp-json\/wp\/v2\/categories?post=22545"},{"taxonomy":"post_tag","embeddable":true,"href":"https:\/\/informebahia.com\/site\/wp-json\/wp\/v2\/tags?post=22545"}],"curies":[{"name":"wp","href":"https:\/\/api.w.org\/{rel}","templated":true}]}}