{"id":22548,"date":"2024-02-05T22:09:27","date_gmt":"2024-02-06T01:09:27","guid":{"rendered":"https:\/\/informebahia.com\/site\/?p=22548"},"modified":"2024-02-13T21:12:01","modified_gmt":"2024-02-14T00:12:01","slug":"federacao-pt-pcdob-e-pv-tera-candidato-unico-a-prefeito-em-retirolandia","status":"publish","type":"post","link":"https:\/\/informebahia.com\/site\/2024\/02\/05\/federacao-pt-pcdob-e-pv-tera-candidato-unico-a-prefeito-em-retirolandia\/","title":{"rendered":"Federa\u00e7\u00e3o PT, PCdoB e PV ter\u00e1 candidato \u00fanico a prefeito em Retirol\u00e2ndia"},"content":{"rendered":"<div class=\"wp-block-image\">\n<figure class=\"aligncenter size-large is-resized\"><img loading=\"lazy\" decoding=\"async\" width=\"1024\" height=\"684\" src=\"https:\/\/informebahia.com\/site\/wp-content\/uploads\/2024\/02\/Pre-candidatos-Retirolandia-1024x684.jpg\" alt=\"\" class=\"wp-image-22549\" style=\"width:600px\" srcset=\"https:\/\/informebahia.com\/site\/wp-content\/uploads\/2024\/02\/Pre-candidatos-Retirolandia-1024x684.jpg 1024w, https:\/\/informebahia.com\/site\/wp-content\/uploads\/2024\/02\/Pre-candidatos-Retirolandia-300x200.jpg 300w, https:\/\/informebahia.com\/site\/wp-content\/uploads\/2024\/02\/Pre-candidatos-Retirolandia-768x513.jpg 768w, https:\/\/informebahia.com\/site\/wp-content\/uploads\/2024\/02\/Pre-candidatos-Retirolandia-1536x1026.jpg 1536w, https:\/\/informebahia.com\/site\/wp-content\/uploads\/2024\/02\/Pre-candidatos-Retirolandia.jpg 1600w\" sizes=\"auto, (max-width: 1024px) 100vw, 1024px\" \/><\/figure>\n<\/div>\n\n\n<p>A Federa\u00e7\u00e3o PT, PCdoB e PV ter\u00e1 candidato \u00fanico \u00e0 Prefeitura Municipal de Retirol\u00e2ndia nas elei\u00e7\u00f5es deste ano. O entendimento para lan\u00e7ar um s\u00f3 candidato de uma das tr\u00eas legendas foi firmado em reuni\u00e3o na sede do Partido dos Trabalhadores da Bahia, em Salvador, no \u00faltimo dia 1\u00ba, com a presen\u00e7a do presidente estadual, \u00c9den Valadares, do deputado federal Daniel Almeida, e dos dois pr\u00e9-candidatos \u00e0 Prefeitura \u2013 Nayara de Di\u00f3 (PT) e o vereador Guene do Contador (PCdoB).<\/p>\n\n\n\n<p>\u201cO candidato ser\u00e1 escolhido a partir de uma consulta que faremos \u00e0 sociedade, \u00e0s lideran\u00e7as pol\u00edticas, aos colegas vereadores, aos partidos, e, claro, ao prefeito Vonte do Merim, que \u00e9 uma lideran\u00e7a importante, fundamental nesse processo\u201d, explicou o presidente do PT Bahia, \u00c9den&nbsp;Valadares.&nbsp;<br>&#8212;<\/p>\n\n\n\n<p class=\"has-text-align-right\">Via Ascom PT Bahia<\/p>\n","protected":false},"excerpt":{"rendered":"<p>A Federa\u00e7\u00e3o PT, PCdoB e PV ter\u00e1 candidato \u00fanico \u00e0 Prefeitura Municipal de Retirol\u00e2ndia nas elei\u00e7\u00f5es deste ano. O entendimento para lan\u00e7ar um s\u00f3 candidato de uma das tr\u00eas legendas foi firmado em reuni\u00e3o na sede do Partido dos Trabalhadores da Bahia, em Salvador, no \u00faltimo dia 1\u00ba, com a presen\u00e7a do presidente estadual, \u00c9den [&hellip;]<\/p>\n","protected":false},"author":1,"featured_media":22549,"comment_status":"closed","ping_status":"open","sticky":false,"template":"","format":"standard","meta":{"footnotes":""},"categories":[17],"tags":[],"class_list":["post-22548","post","type-post","status-publish","format-standard","has-post-thumbnail","hentry","category-politica"],"aioseo_notices":[],"_links":{"self":[{"href":"https:\/\/informebahia.com\/site\/wp-json\/wp\/v2\/posts\/22548","targetHints":{"allow":["GET"]}}],"collection":[{"href":"https:\/\/informebahia.com\/site\/wp-json\/wp\/v2\/posts"}],"about":[{"href":"https:\/\/informebahia.com\/site\/wp-json\/wp\/v2\/types\/post"}],"author":[{"embeddable":true,"href":"https:\/\/informebahia.com\/site\/wp-json\/wp\/v2\/users\/1"}],"replies":[{"embeddable":true,"href":"https:\/\/informebahia.com\/site\/wp-json\/wp\/v2\/comments?post=22548"}],"version-history":[{"count":1,"href":"https:\/\/informebahia.com\/site\/wp-json\/wp\/v2\/posts\/22548\/revisions"}],"predecessor-version":[{"id":22550,"href":"https:\/\/informebahia.com\/site\/wp-json\/wp\/v2\/posts\/22548\/revisions\/22550"}],"wp:featuredmedia":[{"embeddable":true,"href":"https:\/\/informebahia.com\/site\/wp-json\/wp\/v2\/media\/22549"}],"wp:attachment":[{"href":"https:\/\/informebahia.com\/site\/wp-json\/wp\/v2\/media?parent=22548"}],"wp:term":[{"taxonomy":"category","embeddable":true,"href":"https:\/\/informebahia.com\/site\/wp-json\/wp\/v2\/categories?post=22548"},{"taxonomy":"post_tag","embeddable":true,"href":"https:\/\/informebahia.com\/site\/wp-json\/wp\/v2\/tags?post=22548"}],"curies":[{"name":"wp","href":"https:\/\/api.w.org\/{rel}","templated":true}]}}